{"id":7437,"date":"2026-09-03T11:54:14","date_gmt":"2026-09-03T09:54:14","guid":{"rendered":"https:\/\/www.wiss.com.pl\/?p=7437"},"modified":"2026-09-04T11:54:31","modified_gmt":"2026-09-04T09:54:31","slug":"kryzys-paliwowy-czym-jest-i-na-czym-polega","status":"publish","type":"post","link":"https:\/\/www.wiss.com.pl\/en\/kryzys-paliwowy-czym-jest-i-na-czym-polega\/","title":{"rendered":"Kryzys paliwowy \u2013 czym jest i na czym polega?"},"content":{"rendered":"<p class=\"wp-block-paragraph\"><strong>O kryzysie paliwowym m\u00f3wimy wtedy, gdy dochodzi do nag\u0142ego wzrostu cen i przerw w dostawach ropy naftowej. Taka sytuacja mo\u017ce by\u0107 wywo\u0142ana przez konflikty zbrojne, decyzje OPEC o ograniczeniu produkcji lub blokady szlak\u00f3w transportowych. Na czym polega\u0142 kryzys paliwowy i jakie mog\u0105 by\u0107 jego konsekwencje?<\/strong><\/p>\n\n\n\n<h2 class=\"wp-block-heading\"><strong>Co to jest kryzys paliwowy?<\/strong><\/h2>\n\n\n\n<p class=\"wp-block-paragraph\">Kryzys paliwowy to sytuacja, w kt\u00f3rej <strong>na stacjach nagle zaczyna brakowa\u0107 paliwa, a jego ceny drastycznie rosn\u0105,<\/strong> bo do kraju trafia o wiele mniej ropy, ni\u017c wynosi standardowe zapotrzebowanie.<\/p>\n\n\n\n<p class=\"wp-block-paragraph\">Gospodarka rynkowa opiera si\u0119 na r\u00f3wnowadze mi\u0119dzy produkcj\u0105 a konsumpcj\u0105 surowc\u00f3w. <strong>Mechanizm kryzysu paliwowego uruchamia si\u0119 w momencie, gdy ta r\u00f3wnowaga zostaje gwa\u0142townie zaburzona lub przerwana<\/strong>. Proces ten przebiega w nast\u0119puj\u0105cy spos\u00f3b:<\/p>\n\n\n\n<ul class=\"wp-block-list\">\n<li><strong>Nag\u0142e ograniczenie dostaw paliw<\/strong> \u2013 na skutek czynnik\u00f3w politycznych, fizycznych lub ekonomicznych dochodzi do nag\u0142ego zmniejszenia ilo\u015bci ropy naftowej i gotowych paliw trafiaj\u0105cych na rynek.<\/li>\n\n\n\n<li><strong>Wysokie sta\u0142e zapotrzebowanie<\/strong> \u2013 transport, przemys\u0142 i logistyka nie potrafi\u0105 z dnia na dzie\u0144 ograniczy\u0107 zu\u017cycia paliw kopalnych ani zast\u0105pi\u0107 ich ekologicznymi alternatywami. Popyt pozostaje na bardzo wysokim poziomie, mimo braku towaru.<\/li>\n\n\n\n<li><strong>Du\u017cy skok cenowy<\/strong> \u2013 niedob\u00f3r po\u017c\u0105danego produktu powoduje gwa\u0142towny wzrost jego warto\u015bci rynkowej. Koszty zakupu surowca rosn\u0105 w bardzo kr\u00f3tkim czasie.<\/li>\n\n\n\n<li><strong>Efekt paniki i spekulacji rynkowych<\/strong> \u2013 l\u0119k przed ca\u0142kowitym brakiem paliwa wywo\u0142uje masowe wykupywanie zapas\u00f3w przez konsument\u00f3w i przedsi\u0119biorstwa. To z kolei dodatkowo pot\u0119guje deficyt i pog\u0142\u0119bia problem z dost\u0119pem do surowca.<\/li>\n\n\n\n<li><strong>Reakcja \u0142a\u0144cuchowa<\/strong> \u2013 wysoka cena paliwa bardzo szybko przek\u0142ada si\u0119 na wzrost koszt\u00f3w produkcji i dostaw wszystkich innych d\u00f3br materialnych, prowadz\u0105c do inflacji.<\/li>\n<\/ul>\n\n\n\n<h2 class=\"wp-block-heading\"><strong>Na czym polega kryzys paliwowy i jakie s\u0105 jego przyczyny?<\/strong><\/h2>\n\n\n\n<p class=\"wp-block-paragraph\">Kryzys paliwowy polega na zaburzeniu dost\u0119pno\u015bci paliw, przez co <strong>prowadzi do wzrostu cen, problem\u00f3w z dostawami, zak\u0142\u00f3ce\u0144 w funkcjonowaniu gospodarki i codziennym \u017cyciu.<\/strong> Jego przyczyny zwykle wynikaj\u0105 z nag\u0142ych i trudnych do przewidzenia wydarze\u0144, co dobrze obrazuje poni\u017csza tabela.<\/p>\n\n\n\n<p class=\"wp-block-paragraph\">Tabela 1. Przyczyny kryzysu paliwowego<\/p>\n\n\n\n<figure class=\"wp-block-table\"><table class=\"has-fixed-layout\"><tbody><tr><td><strong>Przyczyna kryzysu paliwowego<\/strong><\/td><td><strong>Jak wp\u0142ywa na rynek?<\/strong><\/td><\/tr><tr><td>Konflikty zbrojne<\/td><td>Utrudniaj\u0105 wydobycie oraz transport ropy naftowej, przez co na rynek trafia mniej paliw, a ich ceny rosn\u0105.<\/td><\/tr><tr><td>Sankcje gospodarcze<\/td><td>Ograniczaj\u0105 import ropy i paliw z wybranych kraj\u00f3w, zmniejszaj\u0105c ich dost\u0119pno\u015b\u0107 i zwi\u0119kszaj\u0105c ryzyko niedobor\u00f3w.<\/td><\/tr><tr><td>Awarie rafinerii<\/td><td>Powoduj\u0105 spadek produkcji paliw, co mo\u017ce prowadzi\u0107 do ograniczonej ilo\u015bci surowca na rynku i wzrostu cen.<\/td><\/tr><tr><td>Problemy logistyczne<\/td><td>Op\u00f3\u017aniaj\u0105 transport surowc\u00f3w i gotowych paliw do odbiorc\u00f3w, zak\u0142\u00f3caj\u0105c ci\u0105g\u0142o\u015b\u0107 dostaw.<\/td><\/tr><tr><td>Katastrofy naturalne<\/td><td>Mog\u0105 uszkadza\u0107 infrastruktur\u0119 wydobywcz\u0105, rafinerie lub sieci przesy\u0142owe, powoduj\u0105c czasowe ograniczenie dost\u0119pno\u015bci paliw.<\/td><\/tr><tr><td>Rosn\u0105cy popyt<\/td><td>Gdy zapotrzebowanie na paliwa przewy\u017csza ich dost\u0119pno\u015b\u0107, ceny rosn\u0105, a na niekt\u00f3rych rynkach mog\u0105 pojawi\u0107 si\u0119 niedobory.<\/td><\/tr><\/tbody><\/table><\/figure>\n\n\n\n<h3 class=\"wp-block-heading\"><strong>Kryzys paliwowy w Polsce \u2013 przyk\u0142ady<\/strong><\/h3>\n\n\n\n<p class=\"wp-block-paragraph\">Kryzys paliwowy mo\u017ce zdarzy\u0107 si\u0119 w ka\u017cdym momencie, a <strong>pa\u0144stwa cz\u0119sto nie maj\u0105 na to \u017cadnego wp\u0142ywu i mog\u0105 jedynie pr\u00f3bowa\u0107 zminimalizowa\u0107 jego skutki.<\/strong> Wsp\u00f3\u0142czesne przyk\u0142ady zawirowa\u0144 na rynku paliw, kt\u00f3re dotkn\u0119\u0142y Polsk\u0119 to:<\/p>\n\n\n\n<ul class=\"wp-block-list\">\n<li><strong>Kryzys energetyczny w Polsce po 2022 roku<\/strong> \u2013 wybuch wojny w Ukrainie zmusi\u0142 Polsk\u0119 do natychmiastowego i ca\u0142kowitego odci\u0119cia si\u0119 od importu rosyjskich surowc\u00f3w, w tym ropy i w\u0119gla. Dzi\u0119ki dostawom morskim przez Naftoport w Gda\u0144sku fizycznie paliwa na stacjach nie zabrak\u0142o. Jednak nag\u0142a konieczno\u015b\u0107 szukania nowych dostawc\u00f3w na ca\u0142ym \u015bwiecie wywo\u0142a\u0142a du\u017cy skok cen i ogromn\u0105 niepewno\u015b\u0107 na rynku.<\/li>\n\n\n\n<li><strong>Kryzys paliwowy 2026<\/strong> \u2013 zamkni\u0119cie Cie\u015bniny Ormuz, niepokoje na Bliskim Wschodzie oraz wygasanie tarcz os\u0142onowych i dop\u0142at rz\u0105dowych sprawiaj\u0105, \u017ce kierowcy w Polsce regularnie mierz\u0105 si\u0119 z nag\u0142ymi skokami cen na stacjach paliw. To z kolei bezpo\u015brednio przek\u0142ada si\u0119 na wy\u017cszy koszt zakupu podstawowych produkt\u00f3w w sklepach.<\/li>\n<\/ul>\n\n\n\n<h2 class=\"wp-block-heading\"><strong>Jakie skutki mo\u017ce wywo\u0142a\u0107 kryzys paliwowy?<\/strong><\/h2>\n\n\n\n<p class=\"wp-block-paragraph\">Kryzys paliwowy mo\u017ce wywo\u0142a\u0107 szereg konsekwencji odczuwalnych zar\u00f3wno przez obywateli, jak i przedsi\u0119biorstwa czy instytucje pa\u0144stwowe. <strong>Ograniczona mo\u017cliwo\u015b\u0107 tankowania wp\u0142ywa na transport, produkcj\u0119, ceny towar\u00f3w i funkcjonowanie s\u0142u\u017cb.<\/strong><\/p>\n\n\n\n<p class=\"wp-block-paragraph\">Prawid\u0142owe dzia\u0142anie struktur pa\u0144stwowych w czasie kryzysu paliwowego wymaga starannego planowania zasob\u00f3w i zapewnienia sprawnego transportu dla jednostek realizuj\u0105cych najwa\u017cniejsze zadania. <strong>W takich sytuacjach wykorzystywane s\u0105 m.in. specjalistyczne<\/strong> <a href=\"https:\/\/www.wiss.com.pl\/en\/pojazdy\/defence\/\"><strong>pojazdy Defence<\/strong><\/a><strong>,<\/strong> kt\u00f3re wspieraj\u0105 dzia\u0142ania s\u0142u\u017cb, ochron\u0119 infrastruktury krytycznej i realizacj\u0119 proces\u00f3w operacyjnych.<\/p>\n\n\n\n<p class=\"wp-block-paragraph\">Podczas kryzys\u00f3w energetycznych szczeg\u00f3lnie wa\u017cne jest utrzymanie ci\u0105g\u0142o\u015bci pracy s\u0142u\u017cb ratunkowych, policji i wojska. <a href=\"https:\/\/www.wiss.com.pl\/en\/pojazdy\/pojazdy-policyjne-i-wojskowe\/\">Pojazdy policyjne i wojskowe<\/a> musz\u0105 pozostawa\u0107 w gotowo\u015bci do dzia\u0142ania, aby umo\u017cliwia\u0107 zabezpieczanie strategicznych obiekt\u00f3w, transport podstawowych zasob\u00f3w i szybkie reagowanie na sytuacje kryzysowe.&nbsp;<\/p>\n\n\n\n<p class=\"wp-block-paragraph\"><strong>D\u0142ugofalowe skutki kryzysu paliwowego obejmuj\u0105:<\/strong><\/p>\n\n\n\n<ul class=\"wp-block-list\">\n<li>wzrost cen paliw i koszt\u00f3w \u017cycia,<\/li>\n\n\n\n<li>wy\u017cszy koszt zakupu materia\u0142\u00f3w budowlanych,<\/li>\n\n\n\n<li>wzrost cen us\u0142ug,<\/li>\n\n\n\n<li>spowolnienie gospodarki, ograniczenie produkcji i problemy z dost\u0119pno\u015bci\u0105 d\u00f3br,<\/li>\n\n\n\n<li>konieczno\u015b\u0107 szukania alternatywnych \u017ar\u00f3de\u0142 energii.<\/li>\n<\/ul>\n\n\n\n<p class=\"wp-block-paragraph\">Problemy z dost\u0119pno\u015bci\u0105 paliw cz\u0119sto staj\u0105 si\u0119 dla pa\u0144stw impulsem do zmian w polityce energetycznej. <strong>W odpowiedzi na ryzyko kolejnych zak\u0142\u00f3ce\u0144 kraje zwi\u0119kszaj\u0105 wydatki na alternatywne \u017ar\u00f3d\u0142a energii,<\/strong> technologie odnawialne i rozwi\u0105zania pozwalaj\u0105ce ograniczy\u0107 zale\u017cno\u015b\u0107 od dostaw surowc\u00f3w z innych cz\u0119\u015bci \u015bwiata.<\/p>","protected":false},"excerpt":{"rendered":"<p>O kryzysie paliwowym m\u00f3wimy wtedy, gdy dochodzi do nag\u0142ego wzrostu cen i przerw w dostawach ropy naftowej. Taka sytuacja mo\u017ce by\u0107 wywo\u0142ana przez konflikty zbrojne, decyzje OPEC o ograniczeniu produkcji lub blokady szlak\u00f3w transportowych. Na czym polega\u0142 kryzys paliwowy i jakie mog\u0105 by\u0107 jego konsekwencje? Co to jest kryzys paliwowy? Kryzys paliwowy to sytuacja, w [&hellip;]<\/p>\n","protected":false},"author":10,"featured_media":0,"comment_status":"closed","ping_status":"closed","sticky":false,"template":"","format":"standard","meta":{"_acf_changed":false,"footnotes":""},"categories":[1],"tags":[],"class_list":["post-7437","post","type-post","status-publish","format-standard","hentry","category-bez-kategorii"],"acf":[],"yoast_head":"<!-- This site is optimized with the Yoast SEO plugin v28.3 - https:\/\/yoast.com\/product\/yoast-seo-wordpress\/ -->\n<title>Kryzys paliwowy \u2013 czym jest i na czym polega? - WISS<\/title>\n<meta name=\"robots\" content=\"index, follow, max-snippet:-1, max-image-preview:large, max-video-preview:-1\" \/>\n<link rel=\"canonical\" href=\"https:\/\/www.wiss.com.pl\/en\/kryzys-paliwowy-czym-jest-i-na-czym-polega\/\" \/>\n<meta property=\"og:locale\" content=\"en_US\" \/>\n<meta property=\"og:type\" content=\"article\" \/>\n<meta property=\"og:title\" content=\"Kryzys paliwowy \u2013 czym jest i na czym polega? - WISS\" \/>\n<meta property=\"og:description\" content=\"O kryzysie paliwowym m\u00f3wimy wtedy, gdy dochodzi do nag\u0142ego wzrostu cen i przerw w dostawach ropy naftowej. Taka sytuacja mo\u017ce by\u0107 wywo\u0142ana przez konflikty zbrojne, decyzje OPEC o ograniczeniu produkcji lub blokady szlak\u00f3w transportowych. Na czym polega\u0142 kryzys paliwowy i jakie mog\u0105 by\u0107 jego konsekwencje? Co to jest kryzys paliwowy? Kryzys paliwowy to sytuacja, w [&hellip;]\" \/>\n<meta property=\"og:url\" content=\"https:\/\/www.wiss.com.pl\/en\/kryzys-paliwowy-czym-jest-i-na-czym-polega\/\" \/>\n<meta property=\"og:site_name\" content=\"WISS\" \/>\n<meta property=\"article:publisher\" content=\"https:\/\/www.facebook.com\/ISSwawrzaszek\/\" \/>\n<meta property=\"article:published_time\" content=\"2026-09-03T09:54:14+00:00\" \/>\n<meta property=\"article:modified_time\" content=\"2026-09-04T09:54:31+00:00\" \/>\n<meta name=\"author\" content=\"Sebastian Lewandowski\" \/>\n<meta name=\"twitter:card\" content=\"summary_large_image\" \/>\n<meta name=\"twitter:label1\" content=\"Written by\" \/>\n\t<meta name=\"twitter:data1\" content=\"Sebastian Lewandowski\" \/>\n\t<meta name=\"twitter:label2\" content=\"Est. reading time\" \/>\n\t<meta name=\"twitter:data2\" content=\"5 minutes\" \/>\n<script type=\"application\/ld+json\" class=\"yoast-schema-graph\">{\"@context\":\"https:\\\/\\\/schema.org\",\"@graph\":[{\"@type\":\"Article\",\"@id\":\"https:\\\/\\\/www.wiss.com.pl\\\/kryzys-paliwowy-czym-jest-i-na-czym-polega\\\/#article\",\"isPartOf\":{\"@id\":\"https:\\\/\\\/www.wiss.com.pl\\\/kryzys-paliwowy-czym-jest-i-na-czym-polega\\\/\"},\"author\":{\"name\":\"Sebastian Lewandowski\",\"@id\":\"https:\\\/\\\/www.wiss.com.pl\\\/#\\\/schema\\\/person\\\/d631cc9c68a929123d67291c753f53a8\"},\"headline\":\"Kryzys paliwowy \u2013 czym jest i na czym polega?\",\"datePublished\":\"2026-09-03T09:54:14+00:00\",\"dateModified\":\"2026-09-04T09:54:31+00:00\",\"mainEntityOfPage\":{\"@id\":\"https:\\\/\\\/www.wiss.com.pl\\\/kryzys-paliwowy-czym-jest-i-na-czym-polega\\\/\"},\"wordCount\":904,\"publisher\":{\"@id\":\"https:\\\/\\\/www.wiss.com.pl\\\/#organization\"},\"articleSection\":[\"Bez kategorii\"],\"inLanguage\":\"en-US\"},{\"@type\":\"WebPage\",\"@id\":\"https:\\\/\\\/www.wiss.com.pl\\\/kryzys-paliwowy-czym-jest-i-na-czym-polega\\\/\",\"url\":\"https:\\\/\\\/www.wiss.com.pl\\\/kryzys-paliwowy-czym-jest-i-na-czym-polega\\\/\",\"name\":\"Kryzys paliwowy \u2013 czym jest i na czym polega? - WISS\",\"isPartOf\":{\"@id\":\"https:\\\/\\\/www.wiss.com.pl\\\/#website\"},\"datePublished\":\"2026-09-03T09:54:14+00:00\",\"dateModified\":\"2026-09-04T09:54:31+00:00\",\"breadcrumb\":{\"@id\":\"https:\\\/\\\/www.wiss.com.pl\\\/kryzys-paliwowy-czym-jest-i-na-czym-polega\\\/#breadcrumb\"},\"inLanguage\":\"en-US\",\"potentialAction\":[{\"@type\":\"ReadAction\",\"target\":[\"https:\\\/\\\/www.wiss.com.pl\\\/kryzys-paliwowy-czym-jest-i-na-czym-polega\\\/\"]}]},{\"@type\":\"BreadcrumbList\",\"@id\":\"https:\\\/\\\/www.wiss.com.pl\\\/kryzys-paliwowy-czym-jest-i-na-czym-polega\\\/#breadcrumb\",\"itemListElement\":[{\"@type\":\"ListItem\",\"position\":1,\"name\":\"Home\",\"item\":\"https:\\\/\\\/www.wiss.com.pl\\\/\"},{\"@type\":\"ListItem\",\"position\":2,\"name\":\"Kryzys paliwowy \u2013 czym jest i na czym polega?\"}]},{\"@type\":\"WebSite\",\"@id\":\"https:\\\/\\\/www.wiss.com.pl\\\/#website\",\"url\":\"https:\\\/\\\/www.wiss.com.pl\\\/\",\"name\":\"WISS Samochody Specjalne\",\"description\":\"Czo\u0142owy producent samochod\u00f3w po\u017carniczych w Polsce i Europie. Samochody przeznaczone dla s\u0142u\u017cb mundurowych, takich jak: stra\u017c po\u017carna, wojsko i policja.\",\"publisher\":{\"@id\":\"https:\\\/\\\/www.wiss.com.pl\\\/#organization\"},\"potentialAction\":[{\"@type\":\"SearchAction\",\"target\":{\"@type\":\"EntryPoint\",\"urlTemplate\":\"https:\\\/\\\/www.wiss.com.pl\\\/?s={search_term_string}\"},\"query-input\":{\"@type\":\"PropertyValueSpecification\",\"valueRequired\":true,\"valueName\":\"search_term_string\"}}],\"inLanguage\":\"en-US\"},{\"@type\":\"Organization\",\"@id\":\"https:\\\/\\\/www.wiss.com.pl\\\/#organization\",\"name\":\"WISS Samochody Specjalne\",\"url\":\"https:\\\/\\\/www.wiss.com.pl\\\/\",\"logo\":{\"@type\":\"ImageObject\",\"inLanguage\":\"en-US\",\"@id\":\"https:\\\/\\\/www.wiss.com.pl\\\/#\\\/schema\\\/logo\\\/image\\\/\",\"url\":\"https:\\\/\\\/www.wiss.com.pl\\\/wp-content\\\/uploads\\\/2025\\\/01\\\/logo_bezpieczenstwo6-1.jpg\",\"contentUrl\":\"https:\\\/\\\/www.wiss.com.pl\\\/wp-content\\\/uploads\\\/2025\\\/01\\\/logo_bezpieczenstwo6-1.jpg\",\"width\":1450,\"height\":407,\"caption\":\"WISS Samochody Specjalne\"},\"image\":{\"@id\":\"https:\\\/\\\/www.wiss.com.pl\\\/#\\\/schema\\\/logo\\\/image\\\/\"},\"sameAs\":[\"https:\\\/\\\/www.facebook.com\\\/ISSwawrzaszek\\\/\"]},{\"@type\":\"Person\",\"@id\":\"https:\\\/\\\/www.wiss.com.pl\\\/#\\\/schema\\\/person\\\/d631cc9c68a929123d67291c753f53a8\",\"name\":\"Sebastian Lewandowski\",\"image\":{\"@type\":\"ImageObject\",\"inLanguage\":\"en-US\",\"@id\":\"https:\\\/\\\/secure.gravatar.com\\\/avatar\\\/a7449de53c0403afbddccc62468b1b144e804fdb346bfc15b5f203e23643ab7d?s=96&d=mm&r=g\",\"url\":\"https:\\\/\\\/secure.gravatar.com\\\/avatar\\\/a7449de53c0403afbddccc62468b1b144e804fdb346bfc15b5f203e23643ab7d?s=96&d=mm&r=g\",\"contentUrl\":\"https:\\\/\\\/secure.gravatar.com\\\/avatar\\\/a7449de53c0403afbddccc62468b1b144e804fdb346bfc15b5f203e23643ab7d?s=96&d=mm&r=g\",\"caption\":\"Sebastian Lewandowski\"},\"url\":\"https:\\\/\\\/www.wiss.com.pl\\\/en\\\/author\\\/sebastian\\\/\"}]}<\/script>\n<!-- \/ Yoast SEO plugin. -->","yoast_head_json":{"title":"Kryzys paliwowy \u2013 czym jest i na czym polega? - WISS","robots":{"index":"index","follow":"follow","max-snippet":"max-snippet:-1","max-image-preview":"max-image-preview:large","max-video-preview":"max-video-preview:-1"},"canonical":"https:\/\/www.wiss.com.pl\/en\/kryzys-paliwowy-czym-jest-i-na-czym-polega\/","og_locale":"en_US","og_type":"article","og_title":"Kryzys paliwowy \u2013 czym jest i na czym polega? - WISS","og_description":"O kryzysie paliwowym m\u00f3wimy wtedy, gdy dochodzi do nag\u0142ego wzrostu cen i przerw w dostawach ropy naftowej. Taka sytuacja mo\u017ce by\u0107 wywo\u0142ana przez konflikty zbrojne, decyzje OPEC o ograniczeniu produkcji lub blokady szlak\u00f3w transportowych. Na czym polega\u0142 kryzys paliwowy i jakie mog\u0105 by\u0107 jego konsekwencje? Co to jest kryzys paliwowy? Kryzys paliwowy to sytuacja, w [&hellip;]","og_url":"https:\/\/www.wiss.com.pl\/en\/kryzys-paliwowy-czym-jest-i-na-czym-polega\/","og_site_name":"WISS","article_publisher":"https:\/\/www.facebook.com\/ISSwawrzaszek\/","article_published_time":"2026-09-03T09:54:14+00:00","article_modified_time":"2026-09-04T09:54:31+00:00","author":"Sebastian Lewandowski","twitter_card":"summary_large_image","twitter_misc":{"Written by":"Sebastian Lewandowski","Est. reading time":"5 minutes"},"schema":{"@context":"https:\/\/schema.org","@graph":[{"@type":"Article","@id":"https:\/\/www.wiss.com.pl\/kryzys-paliwowy-czym-jest-i-na-czym-polega\/#article","isPartOf":{"@id":"https:\/\/www.wiss.com.pl\/kryzys-paliwowy-czym-jest-i-na-czym-polega\/"},"author":{"name":"Sebastian Lewandowski","@id":"https:\/\/www.wiss.com.pl\/#\/schema\/person\/d631cc9c68a929123d67291c753f53a8"},"headline":"Kryzys paliwowy \u2013 czym jest i na czym polega?","datePublished":"2026-09-03T09:54:14+00:00","dateModified":"2026-09-04T09:54:31+00:00","mainEntityOfPage":{"@id":"https:\/\/www.wiss.com.pl\/kryzys-paliwowy-czym-jest-i-na-czym-polega\/"},"wordCount":904,"publisher":{"@id":"https:\/\/www.wiss.com.pl\/#organization"},"articleSection":["Bez kategorii"],"inLanguage":"en-US"},{"@type":"WebPage","@id":"https:\/\/www.wiss.com.pl\/kryzys-paliwowy-czym-jest-i-na-czym-polega\/","url":"https:\/\/www.wiss.com.pl\/kryzys-paliwowy-czym-jest-i-na-czym-polega\/","name":"Kryzys paliwowy \u2013 czym jest i na czym polega? - WISS","isPartOf":{"@id":"https:\/\/www.wiss.com.pl\/#website"},"datePublished":"2026-09-03T09:54:14+00:00","dateModified":"2026-09-04T09:54:31+00:00","breadcrumb":{"@id":"https:\/\/www.wiss.com.pl\/kryzys-paliwowy-czym-jest-i-na-czym-polega\/#breadcrumb"},"inLanguage":"en-US","potentialAction":[{"@type":"ReadAction","target":["https:\/\/www.wiss.com.pl\/kryzys-paliwowy-czym-jest-i-na-czym-polega\/"]}]},{"@type":"BreadcrumbList","@id":"https:\/\/www.wiss.com.pl\/kryzys-paliwowy-czym-jest-i-na-czym-polega\/#breadcrumb","itemListElement":[{"@type":"ListItem","position":1,"name":"Home","item":"https:\/\/www.wiss.com.pl\/"},{"@type":"ListItem","position":2,"name":"Kryzys paliwowy \u2013 czym jest i na czym polega?"}]},{"@type":"WebSite","@id":"https:\/\/www.wiss.com.pl\/#website","url":"https:\/\/www.wiss.com.pl\/","name":"WISS Samochody Specjalne","description":"Czo\u0142owy producent samochod\u00f3w po\u017carniczych w Polsce i Europie. Samochody przeznaczone dla s\u0142u\u017cb mundurowych, takich jak: stra\u017c po\u017carna, wojsko i policja.","publisher":{"@id":"https:\/\/www.wiss.com.pl\/#organization"},"potentialAction":[{"@type":"SearchAction","target":{"@type":"EntryPoint","urlTemplate":"https:\/\/www.wiss.com.pl\/?s={search_term_string}"},"query-input":{"@type":"PropertyValueSpecification","valueRequired":true,"valueName":"search_term_string"}}],"inLanguage":"en-US"},{"@type":"Organization","@id":"https:\/\/www.wiss.com.pl\/#organization","name":"WISS Samochody Specjalne","url":"https:\/\/www.wiss.com.pl\/","logo":{"@type":"ImageObject","inLanguage":"en-US","@id":"https:\/\/www.wiss.com.pl\/#\/schema\/logo\/image\/","url":"https:\/\/www.wiss.com.pl\/wp-content\/uploads\/2025\/01\/logo_bezpieczenstwo6-1.jpg","contentUrl":"https:\/\/www.wiss.com.pl\/wp-content\/uploads\/2025\/01\/logo_bezpieczenstwo6-1.jpg","width":1450,"height":407,"caption":"WISS Samochody Specjalne"},"image":{"@id":"https:\/\/www.wiss.com.pl\/#\/schema\/logo\/image\/"},"sameAs":["https:\/\/www.facebook.com\/ISSwawrzaszek\/"]},{"@type":"Person","@id":"https:\/\/www.wiss.com.pl\/#\/schema\/person\/d631cc9c68a929123d67291c753f53a8","name":"Sebastian Lewandowski","image":{"@type":"ImageObject","inLanguage":"en-US","@id":"https:\/\/secure.gravatar.com\/avatar\/a7449de53c0403afbddccc62468b1b144e804fdb346bfc15b5f203e23643ab7d?s=96&d=mm&r=g","url":"https:\/\/secure.gravatar.com\/avatar\/a7449de53c0403afbddccc62468b1b144e804fdb346bfc15b5f203e23643ab7d?s=96&d=mm&r=g","contentUrl":"https:\/\/secure.gravatar.com\/avatar\/a7449de53c0403afbddccc62468b1b144e804fdb346bfc15b5f203e23643ab7d?s=96&d=mm&r=g","caption":"Sebastian Lewandowski"},"url":"https:\/\/www.wiss.com.pl\/en\/author\/sebastian\/"}]}},"_links":{"self":[{"href":"https:\/\/www.wiss.com.pl\/en\/wp-json\/wp\/v2\/posts\/7437","targetHints":{"allow":["GET"]}}],"collection":[{"href":"https:\/\/www.wiss.com.pl\/en\/wp-json\/wp\/v2\/posts"}],"about":[{"href":"https:\/\/www.wiss.com.pl\/en\/wp-json\/wp\/v2\/types\/post"}],"author":[{"embeddable":true,"href":"https:\/\/www.wiss.com.pl\/en\/wp-json\/wp\/v2\/users\/10"}],"replies":[{"embeddable":true,"href":"https:\/\/www.wiss.com.pl\/en\/wp-json\/wp\/v2\/comments?post=7437"}],"version-history":[{"count":1,"href":"https:\/\/www.wiss.com.pl\/en\/wp-json\/wp\/v2\/posts\/7437\/revisions"}],"predecessor-version":[{"id":7438,"href":"https:\/\/www.wiss.com.pl\/en\/wp-json\/wp\/v2\/posts\/7437\/revisions\/7438"}],"wp:attachment":[{"href":"https:\/\/www.wiss.com.pl\/en\/wp-json\/wp\/v2\/media?parent=7437"}],"wp:term":[{"taxonomy":"category","embeddable":true,"href":"https:\/\/www.wiss.com.pl\/en\/wp-json\/wp\/v2\/categories?post=7437"},{"taxonomy":"post_tag","embeddable":true,"href":"https:\/\/www.wiss.com.pl\/en\/wp-json\/wp\/v2\/tags?post=7437"}],"curies":[{"name":"wp","href":"https:\/\/api.w.org\/{rel}","templated":true}]}}