{"id":6458,"date":"2026-03-18T13:29:12","date_gmt":"2026-03-18T12:29:12","guid":{"rendered":"https:\/\/www.wiss.com.pl\/?p=6458"},"modified":"2026-03-18T13:30:33","modified_gmt":"2026-03-18T12:30:33","slug":"bedziemy-wystawca-na-targach-interschutz-2026-w-hanowerze","status":"publish","type":"post","link":"https:\/\/www.wiss.com.pl\/en\/bedziemy-wystawca-na-targach-interschutz-2026-w-hanowerze\/","title":{"rendered":"B\u0119dziemy wystawc\u0105 na targach Interschutz 2026 w Hanowerze"},"content":{"rendered":"<p class=\"has-text-align-center\">Zapraszamy do odwiedzenia naszego stoiska <strong>N65<\/strong> podczas mi\u0119dzynarodowych targ\u00f3w <strong>Interschutz 2026<\/strong> w Hanowerze (Niemcy), kt\u00f3re odb\u0119d\u0105 si\u0119 w dniach <strong>1\u20136 czerwca 2026<\/strong> roku.<\/p>\n\n\n\n<figure class=\"wp-block-image size-large\"><img fetchpriority=\"high\" decoding=\"async\" width=\"1024\" height=\"716\" src=\"https:\/\/www.wiss.com.pl\/wp-content\/uploads\/2026\/03\/interschutz_2026-1024x716.jpg\" alt=\"\" class=\"wp-image-6459\" srcset=\"https:\/\/www.wiss.com.pl\/wp-content\/uploads\/2026\/03\/interschutz_2026-1024x716.jpg 1024w, https:\/\/www.wiss.com.pl\/wp-content\/uploads\/2026\/03\/interschutz_2026-300x210.jpg 300w, https:\/\/www.wiss.com.pl\/wp-content\/uploads\/2026\/03\/interschutz_2026-768x537.jpg 768w, https:\/\/www.wiss.com.pl\/wp-content\/uploads\/2026\/03\/interschutz_2026-1536x1074.jpg 1536w, https:\/\/www.wiss.com.pl\/wp-content\/uploads\/2026\/03\/interschutz_2026-18x12.jpg 18w, https:\/\/www.wiss.com.pl\/wp-content\/uploads\/2026\/03\/interschutz_2026-800x559.jpg 800w, https:\/\/www.wiss.com.pl\/wp-content\/uploads\/2026\/03\/interschutz_2026.jpg 1980w\" sizes=\"(max-width: 1024px) 100vw, 1024px\" \/><\/figure>","protected":false},"excerpt":{"rendered":"<p>Zapraszamy do odwiedzenia naszego stoiska N65 podczas mi\u0119dzynarodowych targ\u00f3w Interschutz 2026 w Hanowerze (Niemcy), kt\u00f3re odb\u0119d\u0105 si\u0119 w dniach 1\u20136 czerwca 2026 roku.<\/p>","protected":false},"author":2,"featured_media":0,"comment_status":"open","ping_status":"open","sticky":false,"template":"","format":"standard","meta":{"_acf_changed":false,"footnotes":""},"categories":[1],"tags":[],"class_list":["post-6458","post","type-post","status-publish","format-standard","hentry","category-bez-kategorii"],"acf":[],"yoast_head":"<!-- This site is optimized with the Yoast SEO plugin v27.5 - https:\/\/yoast.com\/product\/yoast-seo-wordpress\/ -->\n<title>B\u0119dziemy wystawc\u0105 na targach Interschutz 2026 w Hanowerze - WISS<\/title>\n<meta name=\"robots\" content=\"index, follow, max-snippet:-1, max-image-preview:large, max-video-preview:-1\" \/>\n<link rel=\"canonical\" href=\"https:\/\/www.wiss.com.pl\/en\/bedziemy-wystawca-na-targach-interschutz-2026-w-hanowerze\/\" \/>\n<meta property=\"og:locale\" content=\"en_US\" \/>\n<meta property=\"og:type\" content=\"article\" \/>\n<meta property=\"og:title\" content=\"B\u0119dziemy wystawc\u0105 na targach Interschutz 2026 w Hanowerze - WISS\" \/>\n<meta property=\"og:description\" content=\"Zapraszamy do odwiedzenia naszego stoiska N65 podczas mi\u0119dzynarodowych targ\u00f3w Interschutz 2026 w Hanowerze (Niemcy), kt\u00f3re odb\u0119d\u0105 si\u0119 w dniach 1\u20136 czerwca 2026 roku.\" \/>\n<meta property=\"og:url\" content=\"https:\/\/www.wiss.com.pl\/en\/bedziemy-wystawca-na-targach-interschutz-2026-w-hanowerze\/\" \/>\n<meta property=\"og:site_name\" content=\"WISS\" \/>\n<meta property=\"article:publisher\" content=\"https:\/\/www.facebook.com\/ISSwawrzaszek\/\" \/>\n<meta property=\"article:published_time\" content=\"2026-03-18T12:29:12+00:00\" \/>\n<meta property=\"article:modified_time\" content=\"2026-03-18T12:30:33+00:00\" \/>\n<meta property=\"og:image\" content=\"https:\/\/www.wiss.com.pl\/wp-content\/uploads\/2026\/03\/interschutz_2026.jpg\" \/>\n\t<meta property=\"og:image:width\" content=\"1980\" \/>\n\t<meta property=\"og:image:height\" content=\"1384\" \/>\n\t<meta property=\"og:image:type\" content=\"image\/jpeg\" \/>\n<meta name=\"author\" content=\"Wiola Walig\u00f3ra\" \/>\n<meta name=\"twitter:card\" content=\"summary_large_image\" \/>\n<meta name=\"twitter:label1\" content=\"Written by\" \/>\n\t<meta name=\"twitter:data1\" content=\"Wiola Walig\u00f3ra\" \/>\n<script type=\"application\/ld+json\" class=\"yoast-schema-graph\">{\"@context\":\"https:\\\/\\\/schema.org\",\"@graph\":[{\"@type\":\"Article\",\"@id\":\"https:\\\/\\\/www.wiss.com.pl\\\/bedziemy-wystawca-na-targach-interschutz-2026-w-hanowerze\\\/#article\",\"isPartOf\":{\"@id\":\"https:\\\/\\\/www.wiss.com.pl\\\/bedziemy-wystawca-na-targach-interschutz-2026-w-hanowerze\\\/\"},\"author\":{\"name\":\"Wiola Walig\u00f3ra\",\"@id\":\"https:\\\/\\\/www.wiss.com.pl\\\/#\\\/schema\\\/person\\\/c5aab92f11c88658ec840fa10b18f44a\"},\"headline\":\"B\u0119dziemy wystawc\u0105 na targach Interschutz 2026 w Hanowerze\",\"datePublished\":\"2026-03-18T12:29:12+00:00\",\"dateModified\":\"2026-03-18T12:30:33+00:00\",\"mainEntityOfPage\":{\"@id\":\"https:\\\/\\\/www.wiss.com.pl\\\/bedziemy-wystawca-na-targach-interschutz-2026-w-hanowerze\\\/\"},\"wordCount\":32,\"commentCount\":0,\"publisher\":{\"@id\":\"https:\\\/\\\/www.wiss.com.pl\\\/#organization\"},\"image\":{\"@id\":\"https:\\\/\\\/www.wiss.com.pl\\\/bedziemy-wystawca-na-targach-interschutz-2026-w-hanowerze\\\/#primaryimage\"},\"thumbnailUrl\":\"https:\\\/\\\/www.wiss.com.pl\\\/wp-content\\\/uploads\\\/2026\\\/03\\\/interschutz_2026-1024x716.jpg\",\"articleSection\":[\"Bez kategorii\"],\"inLanguage\":\"en-US\",\"potentialAction\":[{\"@type\":\"CommentAction\",\"name\":\"Comment\",\"target\":[\"https:\\\/\\\/www.wiss.com.pl\\\/bedziemy-wystawca-na-targach-interschutz-2026-w-hanowerze\\\/#respond\"]}]},{\"@type\":\"WebPage\",\"@id\":\"https:\\\/\\\/www.wiss.com.pl\\\/bedziemy-wystawca-na-targach-interschutz-2026-w-hanowerze\\\/\",\"url\":\"https:\\\/\\\/www.wiss.com.pl\\\/bedziemy-wystawca-na-targach-interschutz-2026-w-hanowerze\\\/\",\"name\":\"B\u0119dziemy wystawc\u0105 na targach Interschutz 2026 w Hanowerze - WISS\",\"isPartOf\":{\"@id\":\"https:\\\/\\\/www.wiss.com.pl\\\/#website\"},\"primaryImageOfPage\":{\"@id\":\"https:\\\/\\\/www.wiss.com.pl\\\/bedziemy-wystawca-na-targach-interschutz-2026-w-hanowerze\\\/#primaryimage\"},\"image\":{\"@id\":\"https:\\\/\\\/www.wiss.com.pl\\\/bedziemy-wystawca-na-targach-interschutz-2026-w-hanowerze\\\/#primaryimage\"},\"thumbnailUrl\":\"https:\\\/\\\/www.wiss.com.pl\\\/wp-content\\\/uploads\\\/2026\\\/03\\\/interschutz_2026-1024x716.jpg\",\"datePublished\":\"2026-03-18T12:29:12+00:00\",\"dateModified\":\"2026-03-18T12:30:33+00:00\",\"breadcrumb\":{\"@id\":\"https:\\\/\\\/www.wiss.com.pl\\\/bedziemy-wystawca-na-targach-interschutz-2026-w-hanowerze\\\/#breadcrumb\"},\"inLanguage\":\"en-US\",\"potentialAction\":[{\"@type\":\"ReadAction\",\"target\":[\"https:\\\/\\\/www.wiss.com.pl\\\/bedziemy-wystawca-na-targach-interschutz-2026-w-hanowerze\\\/\"]}]},{\"@type\":\"ImageObject\",\"inLanguage\":\"en-US\",\"@id\":\"https:\\\/\\\/www.wiss.com.pl\\\/bedziemy-wystawca-na-targach-interschutz-2026-w-hanowerze\\\/#primaryimage\",\"url\":\"https:\\\/\\\/www.wiss.com.pl\\\/wp-content\\\/uploads\\\/2026\\\/03\\\/interschutz_2026-1024x716.jpg\",\"contentUrl\":\"https:\\\/\\\/www.wiss.com.pl\\\/wp-content\\\/uploads\\\/2026\\\/03\\\/interschutz_2026-1024x716.jpg\"},{\"@type\":\"BreadcrumbList\",\"@id\":\"https:\\\/\\\/www.wiss.com.pl\\\/bedziemy-wystawca-na-targach-interschutz-2026-w-hanowerze\\\/#breadcrumb\",\"itemListElement\":[{\"@type\":\"ListItem\",\"position\":1,\"name\":\"Strona g\u0142\u00f3wna\",\"item\":\"https:\\\/\\\/www.wiss.com.pl\\\/\"},{\"@type\":\"ListItem\",\"position\":2,\"name\":\"B\u0119dziemy wystawc\u0105 na targach Interschutz 2026 w Hanowerze\"}]},{\"@type\":\"WebSite\",\"@id\":\"https:\\\/\\\/www.wiss.com.pl\\\/#website\",\"url\":\"https:\\\/\\\/www.wiss.com.pl\\\/\",\"name\":\"WISS Samochody Specjalne\",\"description\":\"Czo\u0142owy producent samochod\u00f3w po\u017carniczych w Polsce i Europie. Samochody przeznaczone dla s\u0142u\u017cb mundurowych, takich jak: stra\u017c po\u017carna, wojsko i policja.\",\"publisher\":{\"@id\":\"https:\\\/\\\/www.wiss.com.pl\\\/#organization\"},\"potentialAction\":[{\"@type\":\"SearchAction\",\"target\":{\"@type\":\"EntryPoint\",\"urlTemplate\":\"https:\\\/\\\/www.wiss.com.pl\\\/?s={search_term_string}\"},\"query-input\":{\"@type\":\"PropertyValueSpecification\",\"valueRequired\":true,\"valueName\":\"search_term_string\"}}],\"inLanguage\":\"en-US\"},{\"@type\":\"Organization\",\"@id\":\"https:\\\/\\\/www.wiss.com.pl\\\/#organization\",\"name\":\"WISS Samochody Specjalne\",\"url\":\"https:\\\/\\\/www.wiss.com.pl\\\/\",\"logo\":{\"@type\":\"ImageObject\",\"inLanguage\":\"en-US\",\"@id\":\"https:\\\/\\\/www.wiss.com.pl\\\/#\\\/schema\\\/logo\\\/image\\\/\",\"url\":\"https:\\\/\\\/www.wiss.com.pl\\\/wp-content\\\/uploads\\\/2025\\\/01\\\/logo_bezpieczenstwo6-1.jpg\",\"contentUrl\":\"https:\\\/\\\/www.wiss.com.pl\\\/wp-content\\\/uploads\\\/2025\\\/01\\\/logo_bezpieczenstwo6-1.jpg\",\"width\":1450,\"height\":407,\"caption\":\"WISS Samochody Specjalne\"},\"image\":{\"@id\":\"https:\\\/\\\/www.wiss.com.pl\\\/#\\\/schema\\\/logo\\\/image\\\/\"},\"sameAs\":[\"https:\\\/\\\/www.facebook.com\\\/ISSwawrzaszek\\\/\"]},{\"@type\":\"Person\",\"@id\":\"https:\\\/\\\/www.wiss.com.pl\\\/#\\\/schema\\\/person\\\/c5aab92f11c88658ec840fa10b18f44a\",\"name\":\"Wiola Walig\u00f3ra\",\"image\":{\"@type\":\"ImageObject\",\"inLanguage\":\"en-US\",\"@id\":\"https:\\\/\\\/secure.gravatar.com\\\/avatar\\\/cf15fc5e487d691abc57da16be3e277156e7ca3c9e1aae4414992fe708009075?s=96&d=mm&r=g\",\"url\":\"https:\\\/\\\/secure.gravatar.com\\\/avatar\\\/cf15fc5e487d691abc57da16be3e277156e7ca3c9e1aae4414992fe708009075?s=96&d=mm&r=g\",\"contentUrl\":\"https:\\\/\\\/secure.gravatar.com\\\/avatar\\\/cf15fc5e487d691abc57da16be3e277156e7ca3c9e1aae4414992fe708009075?s=96&d=mm&r=g\",\"caption\":\"Wiola Walig\u00f3ra\"},\"sameAs\":[\"https:\\\/\\\/www.wiss.com.pl\\\/_www_wiss_polska\\\/stronanowa\"],\"url\":\"https:\\\/\\\/www.wiss.com.pl\\\/en\\\/author\\\/wwaligora\\\/\"}]}<\/script>\n<!-- \/ Yoast SEO plugin. -->","yoast_head_json":{"title":"B\u0119dziemy wystawc\u0105 na targach Interschutz 2026 w Hanowerze - WISS","robots":{"index":"index","follow":"follow","max-snippet":"max-snippet:-1","max-image-preview":"max-image-preview:large","max-video-preview":"max-video-preview:-1"},"canonical":"https:\/\/www.wiss.com.pl\/en\/bedziemy-wystawca-na-targach-interschutz-2026-w-hanowerze\/","og_locale":"en_US","og_type":"article","og_title":"B\u0119dziemy wystawc\u0105 na targach Interschutz 2026 w Hanowerze - WISS","og_description":"Zapraszamy do odwiedzenia naszego stoiska N65 podczas mi\u0119dzynarodowych targ\u00f3w Interschutz 2026 w Hanowerze (Niemcy), kt\u00f3re odb\u0119d\u0105 si\u0119 w dniach 1\u20136 czerwca 2026 roku.","og_url":"https:\/\/www.wiss.com.pl\/en\/bedziemy-wystawca-na-targach-interschutz-2026-w-hanowerze\/","og_site_name":"WISS","article_publisher":"https:\/\/www.facebook.com\/ISSwawrzaszek\/","article_published_time":"2026-03-18T12:29:12+00:00","article_modified_time":"2026-03-18T12:30:33+00:00","og_image":[{"width":1980,"height":1384,"url":"https:\/\/www.wiss.com.pl\/wp-content\/uploads\/2026\/03\/interschutz_2026.jpg","type":"image\/jpeg"}],"author":"Wiola Walig\u00f3ra","twitter_card":"summary_large_image","twitter_misc":{"Written by":"Wiola Walig\u00f3ra"},"schema":{"@context":"https:\/\/schema.org","@graph":[{"@type":"Article","@id":"https:\/\/www.wiss.com.pl\/bedziemy-wystawca-na-targach-interschutz-2026-w-hanowerze\/#article","isPartOf":{"@id":"https:\/\/www.wiss.com.pl\/bedziemy-wystawca-na-targach-interschutz-2026-w-hanowerze\/"},"author":{"name":"Wiola Walig\u00f3ra","@id":"https:\/\/www.wiss.com.pl\/#\/schema\/person\/c5aab92f11c88658ec840fa10b18f44a"},"headline":"B\u0119dziemy wystawc\u0105 na targach Interschutz 2026 w Hanowerze","datePublished":"2026-03-18T12:29:12+00:00","dateModified":"2026-03-18T12:30:33+00:00","mainEntityOfPage":{"@id":"https:\/\/www.wiss.com.pl\/bedziemy-wystawca-na-targach-interschutz-2026-w-hanowerze\/"},"wordCount":32,"commentCount":0,"publisher":{"@id":"https:\/\/www.wiss.com.pl\/#organization"},"image":{"@id":"https:\/\/www.wiss.com.pl\/bedziemy-wystawca-na-targach-interschutz-2026-w-hanowerze\/#primaryimage"},"thumbnailUrl":"https:\/\/www.wiss.com.pl\/wp-content\/uploads\/2026\/03\/interschutz_2026-1024x716.jpg","articleSection":["Bez kategorii"],"inLanguage":"en-US","potentialAction":[{"@type":"CommentAction","name":"Comment","target":["https:\/\/www.wiss.com.pl\/bedziemy-wystawca-na-targach-interschutz-2026-w-hanowerze\/#respond"]}]},{"@type":"WebPage","@id":"https:\/\/www.wiss.com.pl\/bedziemy-wystawca-na-targach-interschutz-2026-w-hanowerze\/","url":"https:\/\/www.wiss.com.pl\/bedziemy-wystawca-na-targach-interschutz-2026-w-hanowerze\/","name":"B\u0119dziemy wystawc\u0105 na targach Interschutz 2026 w Hanowerze - WISS","isPartOf":{"@id":"https:\/\/www.wiss.com.pl\/#website"},"primaryImageOfPage":{"@id":"https:\/\/www.wiss.com.pl\/bedziemy-wystawca-na-targach-interschutz-2026-w-hanowerze\/#primaryimage"},"image":{"@id":"https:\/\/www.wiss.com.pl\/bedziemy-wystawca-na-targach-interschutz-2026-w-hanowerze\/#primaryimage"},"thumbnailUrl":"https:\/\/www.wiss.com.pl\/wp-content\/uploads\/2026\/03\/interschutz_2026-1024x716.jpg","datePublished":"2026-03-18T12:29:12+00:00","dateModified":"2026-03-18T12:30:33+00:00","breadcrumb":{"@id":"https:\/\/www.wiss.com.pl\/bedziemy-wystawca-na-targach-interschutz-2026-w-hanowerze\/#breadcrumb"},"inLanguage":"en-US","potentialAction":[{"@type":"ReadAction","target":["https:\/\/www.wiss.com.pl\/bedziemy-wystawca-na-targach-interschutz-2026-w-hanowerze\/"]}]},{"@type":"ImageObject","inLanguage":"en-US","@id":"https:\/\/www.wiss.com.pl\/bedziemy-wystawca-na-targach-interschutz-2026-w-hanowerze\/#primaryimage","url":"https:\/\/www.wiss.com.pl\/wp-content\/uploads\/2026\/03\/interschutz_2026-1024x716.jpg","contentUrl":"https:\/\/www.wiss.com.pl\/wp-content\/uploads\/2026\/03\/interschutz_2026-1024x716.jpg"},{"@type":"BreadcrumbList","@id":"https:\/\/www.wiss.com.pl\/bedziemy-wystawca-na-targach-interschutz-2026-w-hanowerze\/#breadcrumb","itemListElement":[{"@type":"ListItem","position":1,"name":"Strona g\u0142\u00f3wna","item":"https:\/\/www.wiss.com.pl\/"},{"@type":"ListItem","position":2,"name":"B\u0119dziemy wystawc\u0105 na targach Interschutz 2026 w Hanowerze"}]},{"@type":"WebSite","@id":"https:\/\/www.wiss.com.pl\/#website","url":"https:\/\/www.wiss.com.pl\/","name":"WISS Samochody Specjalne","description":"Czo\u0142owy producent samochod\u00f3w po\u017carniczych w Polsce i Europie. Samochody przeznaczone dla s\u0142u\u017cb mundurowych, takich jak: stra\u017c po\u017carna, wojsko i policja.","publisher":{"@id":"https:\/\/www.wiss.com.pl\/#organization"},"potentialAction":[{"@type":"SearchAction","target":{"@type":"EntryPoint","urlTemplate":"https:\/\/www.wiss.com.pl\/?s={search_term_string}"},"query-input":{"@type":"PropertyValueSpecification","valueRequired":true,"valueName":"search_term_string"}}],"inLanguage":"en-US"},{"@type":"Organization","@id":"https:\/\/www.wiss.com.pl\/#organization","name":"WISS Samochody Specjalne","url":"https:\/\/www.wiss.com.pl\/","logo":{"@type":"ImageObject","inLanguage":"en-US","@id":"https:\/\/www.wiss.com.pl\/#\/schema\/logo\/image\/","url":"https:\/\/www.wiss.com.pl\/wp-content\/uploads\/2025\/01\/logo_bezpieczenstwo6-1.jpg","contentUrl":"https:\/\/www.wiss.com.pl\/wp-content\/uploads\/2025\/01\/logo_bezpieczenstwo6-1.jpg","width":1450,"height":407,"caption":"WISS Samochody Specjalne"},"image":{"@id":"https:\/\/www.wiss.com.pl\/#\/schema\/logo\/image\/"},"sameAs":["https:\/\/www.facebook.com\/ISSwawrzaszek\/"]},{"@type":"Person","@id":"https:\/\/www.wiss.com.pl\/#\/schema\/person\/c5aab92f11c88658ec840fa10b18f44a","name":"Wiola Walig\u00f3ra","image":{"@type":"ImageObject","inLanguage":"en-US","@id":"https:\/\/secure.gravatar.com\/avatar\/cf15fc5e487d691abc57da16be3e277156e7ca3c9e1aae4414992fe708009075?s=96&d=mm&r=g","url":"https:\/\/secure.gravatar.com\/avatar\/cf15fc5e487d691abc57da16be3e277156e7ca3c9e1aae4414992fe708009075?s=96&d=mm&r=g","contentUrl":"https:\/\/secure.gravatar.com\/avatar\/cf15fc5e487d691abc57da16be3e277156e7ca3c9e1aae4414992fe708009075?s=96&d=mm&r=g","caption":"Wiola Walig\u00f3ra"},"sameAs":["https:\/\/www.wiss.com.pl\/_www_wiss_polska\/stronanowa"],"url":"https:\/\/www.wiss.com.pl\/en\/author\/wwaligora\/"}]}},"_links":{"self":[{"href":"https:\/\/www.wiss.com.pl\/en\/wp-json\/wp\/v2\/posts\/6458","targetHints":{"allow":["GET"]}}],"collection":[{"href":"https:\/\/www.wiss.com.pl\/en\/wp-json\/wp\/v2\/posts"}],"about":[{"href":"https:\/\/www.wiss.com.pl\/en\/wp-json\/wp\/v2\/types\/post"}],"author":[{"embeddable":true,"href":"https:\/\/www.wiss.com.pl\/en\/wp-json\/wp\/v2\/users\/2"}],"replies":[{"embeddable":true,"href":"https:\/\/www.wiss.com.pl\/en\/wp-json\/wp\/v2\/comments?post=6458"}],"version-history":[{"count":2,"href":"https:\/\/www.wiss.com.pl\/en\/wp-json\/wp\/v2\/posts\/6458\/revisions"}],"predecessor-version":[{"id":6461,"href":"https:\/\/www.wiss.com.pl\/en\/wp-json\/wp\/v2\/posts\/6458\/revisions\/6461"}],"wp:attachment":[{"href":"https:\/\/www.wiss.com.pl\/en\/wp-json\/wp\/v2\/media?parent=6458"}],"wp:term":[{"taxonomy":"category","embeddable":true,"href":"https:\/\/www.wiss.com.pl\/en\/wp-json\/wp\/v2\/categories?post=6458"},{"taxonomy":"post_tag","embeddable":true,"href":"https:\/\/www.wiss.com.pl\/en\/wp-json\/wp\/v2\/tags?post=6458"}],"curies":[{"name":"wp","href":"https:\/\/api.w.org\/{rel}","templated":true}]}}