{"id":6100,"date":"2025-09-29T11:53:16","date_gmt":"2025-09-29T09:53:16","guid":{"rendered":"https:\/\/www.wiss.com.pl\/?p=6100"},"modified":"2025-09-29T11:53:17","modified_gmt":"2025-09-29T09:53:17","slug":"partnerstwo-z-misja-laczace-kulture-i-biznes","status":"publish","type":"post","link":"https:\/\/www.wiss.com.pl\/en\/partnerstwo-z-misja-laczace-kulture-i-biznes\/","title":{"rendered":"Partnerstwo z misj\u0105 \u0142\u0105cz\u0105ce kultur\u0119 i biznes"},"content":{"rendered":"<p class=\"has-text-align-left\">Mamy przyjemno\u015b\u0107 og\u0142osi\u0107 podpisanie porozumienia pomi\u0119dzy Ma\u0142opolskim Muzeum Po\u017carnictwa w Alwerni a nasz\u0105 firm\u0105. To partnerstwo otwiera przestrze\u0144 do inspiruj\u0105cych dzia\u0142a\u0144 &#8211; od inicjatyw edukacyjnych, przez wydarzenia, a\u017c po kampanie przybli\u017caj\u0105ce histori\u0119 i tera\u017aniejszo\u015b\u0107 bran\u017cy po\u017carniczej. Razem chcemy \u0142\u0105czy\u0107 \u015bwiat kultury i biznesu, tworz\u0105c projekty o du\u017cym znaczeniu spo\u0142ecznym.<\/p>\n\n\n\n<p class=\"has-text-align-left\">Porozumienie zosta\u0142o podpisane przez Marka B\u0119benka &#8211; Dyrektora Muzeum i Przemys\u0142awa Wac\u0142awskiego, Wiceprezesa Zarz\u0105du WISS Samochody Specjalne.<\/p>\n\n\n\n<p class=\"has-text-align-left\">Serdecznie dzi\u0119kujemy za ciep\u0142e przyj\u0119cie i mo\u017cliwo\u015b\u0107 obejrzenia cennych eksponat\u00f3w zwi\u0105zanych z po\u017carnictwem, w tym najbardziej interesuj\u0105cych nas czerwonych samochod\u00f3w!<\/p>\n\n\n\n<figure class=\"wp-block-image aligncenter size-large\"><img fetchpriority=\"high\" decoding=\"async\" width=\"1024\" height=\"716\" src=\"https:\/\/www.wiss.com.pl\/wp-content\/uploads\/2025\/09\/wiss_alwernia_porozumienie_01-1024x716.jpg\" alt=\"\" class=\"wp-image-6101\" srcset=\"https:\/\/www.wiss.com.pl\/wp-content\/uploads\/2025\/09\/wiss_alwernia_porozumienie_01-1024x716.jpg 1024w, https:\/\/www.wiss.com.pl\/wp-content\/uploads\/2025\/09\/wiss_alwernia_porozumienie_01-300x210.jpg 300w, https:\/\/www.wiss.com.pl\/wp-content\/uploads\/2025\/09\/wiss_alwernia_porozumienie_01-768x537.jpg 768w, https:\/\/www.wiss.com.pl\/wp-content\/uploads\/2025\/09\/wiss_alwernia_porozumienie_01-1536x1074.jpg 1536w, https:\/\/www.wiss.com.pl\/wp-content\/uploads\/2025\/09\/wiss_alwernia_porozumienie_01-18x12.jpg 18w, https:\/\/www.wiss.com.pl\/wp-content\/uploads\/2025\/09\/wiss_alwernia_porozumienie_01-800x559.jpg 800w, https:\/\/www.wiss.com.pl\/wp-content\/uploads\/2025\/09\/wiss_alwernia_porozumienie_01.jpg 1980w\" sizes=\"(max-width: 1024px) 100vw, 1024px\" \/><\/figure>\n\n\n\n<figure class=\"wp-block-image aligncenter size-large\"><img decoding=\"async\" width=\"1024\" height=\"716\" src=\"https:\/\/www.wiss.com.pl\/wp-content\/uploads\/2025\/09\/wiss_alwernia_porozumienie_02-1024x716.jpg\" alt=\"\" class=\"wp-image-6102\" srcset=\"https:\/\/www.wiss.com.pl\/wp-content\/uploads\/2025\/09\/wiss_alwernia_porozumienie_02-1024x716.jpg 1024w, https:\/\/www.wiss.com.pl\/wp-content\/uploads\/2025\/09\/wiss_alwernia_porozumienie_02-300x210.jpg 300w, https:\/\/www.wiss.com.pl\/wp-content\/uploads\/2025\/09\/wiss_alwernia_porozumienie_02-768x537.jpg 768w, https:\/\/www.wiss.com.pl\/wp-content\/uploads\/2025\/09\/wiss_alwernia_porozumienie_02-1536x1074.jpg 1536w, https:\/\/www.wiss.com.pl\/wp-content\/uploads\/2025\/09\/wiss_alwernia_porozumienie_02-18x12.jpg 18w, https:\/\/www.wiss.com.pl\/wp-content\/uploads\/2025\/09\/wiss_alwernia_porozumienie_02-800x559.jpg 800w, https:\/\/www.wiss.com.pl\/wp-content\/uploads\/2025\/09\/wiss_alwernia_porozumienie_02.jpg 1980w\" sizes=\"(max-width: 1024px) 100vw, 1024px\" \/><\/figure>\n\n\n\n<figure class=\"wp-block-image aligncenter size-large\"><img decoding=\"async\" width=\"1024\" height=\"716\" src=\"https:\/\/www.wiss.com.pl\/wp-content\/uploads\/2025\/09\/wiss_alwernia_porozumienie_03-1024x716.jpg\" alt=\"\" class=\"wp-image-6103\" srcset=\"https:\/\/www.wiss.com.pl\/wp-content\/uploads\/2025\/09\/wiss_alwernia_porozumienie_03-1024x716.jpg 1024w, https:\/\/www.wiss.com.pl\/wp-content\/uploads\/2025\/09\/wiss_alwernia_porozumienie_03-300x210.jpg 300w, https:\/\/www.wiss.com.pl\/wp-content\/uploads\/2025\/09\/wiss_alwernia_porozumienie_03-768x537.jpg 768w, https:\/\/www.wiss.com.pl\/wp-content\/uploads\/2025\/09\/wiss_alwernia_porozumienie_03-1536x1074.jpg 1536w, https:\/\/www.wiss.com.pl\/wp-content\/uploads\/2025\/09\/wiss_alwernia_porozumienie_03-18x12.jpg 18w, https:\/\/www.wiss.com.pl\/wp-content\/uploads\/2025\/09\/wiss_alwernia_porozumienie_03-800x559.jpg 800w, https:\/\/www.wiss.com.pl\/wp-content\/uploads\/2025\/09\/wiss_alwernia_porozumienie_03.jpg 1980w\" sizes=\"(max-width: 1024px) 100vw, 1024px\" \/><\/figure>\n\n\n\n<figure class=\"wp-block-image aligncenter size-large\"><img loading=\"lazy\" decoding=\"async\" width=\"1024\" height=\"716\" src=\"https:\/\/www.wiss.com.pl\/wp-content\/uploads\/2025\/09\/wiss_alwernia_porozumienie_04-1024x716.jpg\" alt=\"\" class=\"wp-image-6104\" srcset=\"https:\/\/www.wiss.com.pl\/wp-content\/uploads\/2025\/09\/wiss_alwernia_porozumienie_04-1024x716.jpg 1024w, https:\/\/www.wiss.com.pl\/wp-content\/uploads\/2025\/09\/wiss_alwernia_porozumienie_04-300x210.jpg 300w, https:\/\/www.wiss.com.pl\/wp-content\/uploads\/2025\/09\/wiss_alwernia_porozumienie_04-768x537.jpg 768w, https:\/\/www.wiss.com.pl\/wp-content\/uploads\/2025\/09\/wiss_alwernia_porozumienie_04-1536x1074.jpg 1536w, https:\/\/www.wiss.com.pl\/wp-content\/uploads\/2025\/09\/wiss_alwernia_porozumienie_04-18x12.jpg 18w, https:\/\/www.wiss.com.pl\/wp-content\/uploads\/2025\/09\/wiss_alwernia_porozumienie_04-800x559.jpg 800w, https:\/\/www.wiss.com.pl\/wp-content\/uploads\/2025\/09\/wiss_alwernia_porozumienie_04.jpg 1980w\" sizes=\"(max-width: 1024px) 100vw, 1024px\" \/><\/figure>\n\n\n\n<figure class=\"wp-block-image aligncenter size-large\"><img loading=\"lazy\" decoding=\"async\" width=\"1024\" height=\"716\" src=\"https:\/\/www.wiss.com.pl\/wp-content\/uploads\/2025\/09\/wiss_alwernia_porozumienie_05-1024x716.jpg\" alt=\"\" class=\"wp-image-6105\" srcset=\"https:\/\/www.wiss.com.pl\/wp-content\/uploads\/2025\/09\/wiss_alwernia_porozumienie_05-1024x716.jpg 1024w, https:\/\/www.wiss.com.pl\/wp-content\/uploads\/2025\/09\/wiss_alwernia_porozumienie_05-300x210.jpg 300w, https:\/\/www.wiss.com.pl\/wp-content\/uploads\/2025\/09\/wiss_alwernia_porozumienie_05-768x537.jpg 768w, https:\/\/www.wiss.com.pl\/wp-content\/uploads\/2025\/09\/wiss_alwernia_porozumienie_05-1536x1074.jpg 1536w, https:\/\/www.wiss.com.pl\/wp-content\/uploads\/2025\/09\/wiss_alwernia_porozumienie_05-18x12.jpg 18w, https:\/\/www.wiss.com.pl\/wp-content\/uploads\/2025\/09\/wiss_alwernia_porozumienie_05-800x559.jpg 800w, https:\/\/www.wiss.com.pl\/wp-content\/uploads\/2025\/09\/wiss_alwernia_porozumienie_05.jpg 1980w\" sizes=\"(max-width: 1024px) 100vw, 1024px\" \/><\/figure>","protected":false},"excerpt":{"rendered":"<p>Mamy przyjemno\u015b\u0107 og\u0142osi\u0107 podpisanie porozumienia pomi\u0119dzy Ma\u0142opolskim Muzeum Po\u017carnictwa w Alwerni a nasz\u0105 firm\u0105. To partnerstwo otwiera przestrze\u0144 do inspiruj\u0105cych dzia\u0142a\u0144 &#8211; od inicjatyw edukacyjnych, przez wydarzenia, a\u017c po kampanie przybli\u017caj\u0105ce histori\u0119 i tera\u017aniejszo\u015b\u0107 bran\u017cy po\u017carniczej. Razem chcemy \u0142\u0105czy\u0107 \u015bwiat kultury i biznesu, tworz\u0105c projekty o du\u017cym znaczeniu spo\u0142ecznym. Porozumienie zosta\u0142o podpisane przez Marka B\u0119benka [&hellip;]<\/p>\n","protected":false},"author":2,"featured_media":0,"comment_status":"open","ping_status":"open","sticky":false,"template":"","format":"standard","meta":{"_acf_changed":false,"footnotes":""},"categories":[1],"tags":[],"class_list":["post-6100","post","type-post","status-publish","format-standard","hentry","category-bez-kategorii"],"acf":[],"yoast_head":"<!-- This site is optimized with the Yoast SEO plugin v27.4 - https:\/\/yoast.com\/product\/yoast-seo-wordpress\/ -->\n<title>Partnerstwo z misj\u0105 \u0142\u0105cz\u0105ce kultur\u0119 i biznes - WISS<\/title>\n<meta name=\"robots\" content=\"index, follow, max-snippet:-1, max-image-preview:large, max-video-preview:-1\" \/>\n<link rel=\"canonical\" href=\"https:\/\/www.wiss.com.pl\/en\/partnerstwo-z-misja-laczace-kulture-i-biznes\/\" \/>\n<meta property=\"og:locale\" content=\"en_US\" \/>\n<meta property=\"og:type\" content=\"article\" \/>\n<meta property=\"og:title\" content=\"Partnerstwo z misj\u0105 \u0142\u0105cz\u0105ce kultur\u0119 i biznes - WISS\" \/>\n<meta property=\"og:description\" content=\"Mamy przyjemno\u015b\u0107 og\u0142osi\u0107 podpisanie porozumienia pomi\u0119dzy Ma\u0142opolskim Muzeum Po\u017carnictwa w Alwerni a nasz\u0105 firm\u0105. To partnerstwo otwiera przestrze\u0144 do inspiruj\u0105cych dzia\u0142a\u0144 &#8211; od inicjatyw edukacyjnych, przez wydarzenia, a\u017c po kampanie przybli\u017caj\u0105ce histori\u0119 i tera\u017aniejszo\u015b\u0107 bran\u017cy po\u017carniczej. Razem chcemy \u0142\u0105czy\u0107 \u015bwiat kultury i biznesu, tworz\u0105c projekty o du\u017cym znaczeniu spo\u0142ecznym. Porozumienie zosta\u0142o podpisane przez Marka B\u0119benka [&hellip;]\" \/>\n<meta property=\"og:url\" content=\"https:\/\/www.wiss.com.pl\/en\/partnerstwo-z-misja-laczace-kulture-i-biznes\/\" \/>\n<meta property=\"og:site_name\" content=\"WISS\" \/>\n<meta property=\"article:publisher\" content=\"https:\/\/www.facebook.com\/ISSwawrzaszek\/\" \/>\n<meta property=\"article:published_time\" content=\"2025-09-29T09:53:16+00:00\" \/>\n<meta property=\"article:modified_time\" content=\"2025-09-29T09:53:17+00:00\" \/>\n<meta property=\"og:image\" content=\"https:\/\/www.wiss.com.pl\/wp-content\/uploads\/2025\/09\/wiss_alwernia_porozumienie_01.jpg\" \/>\n\t<meta property=\"og:image:width\" content=\"1980\" \/>\n\t<meta property=\"og:image:height\" content=\"1384\" \/>\n\t<meta property=\"og:image:type\" content=\"image\/jpeg\" \/>\n<meta name=\"author\" content=\"Wiola Walig\u00f3ra\" \/>\n<meta name=\"twitter:card\" content=\"summary_large_image\" \/>\n<meta name=\"twitter:label1\" content=\"Written by\" \/>\n\t<meta name=\"twitter:data1\" content=\"Wiola Walig\u00f3ra\" \/>\n\t<meta name=\"twitter:label2\" content=\"Est. reading time\" \/>\n\t<meta name=\"twitter:data2\" content=\"1 minute\" \/>\n<script type=\"application\/ld+json\" class=\"yoast-schema-graph\">{\"@context\":\"https:\\\/\\\/schema.org\",\"@graph\":[{\"@type\":\"Article\",\"@id\":\"https:\\\/\\\/www.wiss.com.pl\\\/partnerstwo-z-misja-laczace-kulture-i-biznes\\\/#article\",\"isPartOf\":{\"@id\":\"https:\\\/\\\/www.wiss.com.pl\\\/partnerstwo-z-misja-laczace-kulture-i-biznes\\\/\"},\"author\":{\"name\":\"Wiola Walig\u00f3ra\",\"@id\":\"https:\\\/\\\/www.wiss.com.pl\\\/#\\\/schema\\\/person\\\/c5aab92f11c88658ec840fa10b18f44a\"},\"headline\":\"Partnerstwo z misj\u0105 \u0142\u0105cz\u0105ce kultur\u0119 i biznes\",\"datePublished\":\"2025-09-29T09:53:16+00:00\",\"dateModified\":\"2025-09-29T09:53:17+00:00\",\"mainEntityOfPage\":{\"@id\":\"https:\\\/\\\/www.wiss.com.pl\\\/partnerstwo-z-misja-laczace-kulture-i-biznes\\\/\"},\"wordCount\":122,\"commentCount\":0,\"publisher\":{\"@id\":\"https:\\\/\\\/www.wiss.com.pl\\\/#organization\"},\"image\":{\"@id\":\"https:\\\/\\\/www.wiss.com.pl\\\/partnerstwo-z-misja-laczace-kulture-i-biznes\\\/#primaryimage\"},\"thumbnailUrl\":\"https:\\\/\\\/www.wiss.com.pl\\\/wp-content\\\/uploads\\\/2025\\\/09\\\/wiss_alwernia_porozumienie_01-1024x716.jpg\",\"articleSection\":[\"Bez kategorii\"],\"inLanguage\":\"en-US\",\"potentialAction\":[{\"@type\":\"CommentAction\",\"name\":\"Comment\",\"target\":[\"https:\\\/\\\/www.wiss.com.pl\\\/partnerstwo-z-misja-laczace-kulture-i-biznes\\\/#respond\"]}]},{\"@type\":\"WebPage\",\"@id\":\"https:\\\/\\\/www.wiss.com.pl\\\/partnerstwo-z-misja-laczace-kulture-i-biznes\\\/\",\"url\":\"https:\\\/\\\/www.wiss.com.pl\\\/partnerstwo-z-misja-laczace-kulture-i-biznes\\\/\",\"name\":\"Partnerstwo z misj\u0105 \u0142\u0105cz\u0105ce kultur\u0119 i biznes - WISS\",\"isPartOf\":{\"@id\":\"https:\\\/\\\/www.wiss.com.pl\\\/#website\"},\"primaryImageOfPage\":{\"@id\":\"https:\\\/\\\/www.wiss.com.pl\\\/partnerstwo-z-misja-laczace-kulture-i-biznes\\\/#primaryimage\"},\"image\":{\"@id\":\"https:\\\/\\\/www.wiss.com.pl\\\/partnerstwo-z-misja-laczace-kulture-i-biznes\\\/#primaryimage\"},\"thumbnailUrl\":\"https:\\\/\\\/www.wiss.com.pl\\\/wp-content\\\/uploads\\\/2025\\\/09\\\/wiss_alwernia_porozumienie_01-1024x716.jpg\",\"datePublished\":\"2025-09-29T09:53:16+00:00\",\"dateModified\":\"2025-09-29T09:53:17+00:00\",\"breadcrumb\":{\"@id\":\"https:\\\/\\\/www.wiss.com.pl\\\/partnerstwo-z-misja-laczace-kulture-i-biznes\\\/#breadcrumb\"},\"inLanguage\":\"en-US\",\"potentialAction\":[{\"@type\":\"ReadAction\",\"target\":[\"https:\\\/\\\/www.wiss.com.pl\\\/partnerstwo-z-misja-laczace-kulture-i-biznes\\\/\"]}]},{\"@type\":\"ImageObject\",\"inLanguage\":\"en-US\",\"@id\":\"https:\\\/\\\/www.wiss.com.pl\\\/partnerstwo-z-misja-laczace-kulture-i-biznes\\\/#primaryimage\",\"url\":\"https:\\\/\\\/www.wiss.com.pl\\\/wp-content\\\/uploads\\\/2025\\\/09\\\/wiss_alwernia_porozumienie_01-1024x716.jpg\",\"contentUrl\":\"https:\\\/\\\/www.wiss.com.pl\\\/wp-content\\\/uploads\\\/2025\\\/09\\\/wiss_alwernia_porozumienie_01-1024x716.jpg\"},{\"@type\":\"BreadcrumbList\",\"@id\":\"https:\\\/\\\/www.wiss.com.pl\\\/partnerstwo-z-misja-laczace-kulture-i-biznes\\\/#breadcrumb\",\"itemListElement\":[{\"@type\":\"ListItem\",\"position\":1,\"name\":\"Strona g\u0142\u00f3wna\",\"item\":\"https:\\\/\\\/www.wiss.com.pl\\\/\"},{\"@type\":\"ListItem\",\"position\":2,\"name\":\"Partnerstwo z misj\u0105 \u0142\u0105cz\u0105ce kultur\u0119 i biznes\"}]},{\"@type\":\"WebSite\",\"@id\":\"https:\\\/\\\/www.wiss.com.pl\\\/#website\",\"url\":\"https:\\\/\\\/www.wiss.com.pl\\\/\",\"name\":\"WISS Samochody Specjalne\",\"description\":\"Czo\u0142owy producent samochod\u00f3w po\u017carniczych w Polsce i Europie. Samochody przeznaczone dla s\u0142u\u017cb mundurowych, takich jak: stra\u017c po\u017carna, wojsko i policja.\",\"publisher\":{\"@id\":\"https:\\\/\\\/www.wiss.com.pl\\\/#organization\"},\"potentialAction\":[{\"@type\":\"SearchAction\",\"target\":{\"@type\":\"EntryPoint\",\"urlTemplate\":\"https:\\\/\\\/www.wiss.com.pl\\\/?s={search_term_string}\"},\"query-input\":{\"@type\":\"PropertyValueSpecification\",\"valueRequired\":true,\"valueName\":\"search_term_string\"}}],\"inLanguage\":\"en-US\"},{\"@type\":\"Organization\",\"@id\":\"https:\\\/\\\/www.wiss.com.pl\\\/#organization\",\"name\":\"WISS Samochody Specjalne\",\"url\":\"https:\\\/\\\/www.wiss.com.pl\\\/\",\"logo\":{\"@type\":\"ImageObject\",\"inLanguage\":\"en-US\",\"@id\":\"https:\\\/\\\/www.wiss.com.pl\\\/#\\\/schema\\\/logo\\\/image\\\/\",\"url\":\"https:\\\/\\\/www.wiss.com.pl\\\/wp-content\\\/uploads\\\/2025\\\/01\\\/logo_bezpieczenstwo6-1.jpg\",\"contentUrl\":\"https:\\\/\\\/www.wiss.com.pl\\\/wp-content\\\/uploads\\\/2025\\\/01\\\/logo_bezpieczenstwo6-1.jpg\",\"width\":1450,\"height\":407,\"caption\":\"WISS Samochody Specjalne\"},\"image\":{\"@id\":\"https:\\\/\\\/www.wiss.com.pl\\\/#\\\/schema\\\/logo\\\/image\\\/\"},\"sameAs\":[\"https:\\\/\\\/www.facebook.com\\\/ISSwawrzaszek\\\/\"]},{\"@type\":\"Person\",\"@id\":\"https:\\\/\\\/www.wiss.com.pl\\\/#\\\/schema\\\/person\\\/c5aab92f11c88658ec840fa10b18f44a\",\"name\":\"Wiola Walig\u00f3ra\",\"image\":{\"@type\":\"ImageObject\",\"inLanguage\":\"en-US\",\"@id\":\"https:\\\/\\\/secure.gravatar.com\\\/avatar\\\/cf15fc5e487d691abc57da16be3e277156e7ca3c9e1aae4414992fe708009075?s=96&d=mm&r=g\",\"url\":\"https:\\\/\\\/secure.gravatar.com\\\/avatar\\\/cf15fc5e487d691abc57da16be3e277156e7ca3c9e1aae4414992fe708009075?s=96&d=mm&r=g\",\"contentUrl\":\"https:\\\/\\\/secure.gravatar.com\\\/avatar\\\/cf15fc5e487d691abc57da16be3e277156e7ca3c9e1aae4414992fe708009075?s=96&d=mm&r=g\",\"caption\":\"Wiola Walig\u00f3ra\"},\"sameAs\":[\"https:\\\/\\\/www.wiss.com.pl\\\/_www_wiss_polska\\\/stronanowa\"],\"url\":\"https:\\\/\\\/www.wiss.com.pl\\\/en\\\/author\\\/wwaligora\\\/\"}]}<\/script>\n<!-- \/ Yoast SEO plugin. -->","yoast_head_json":{"title":"Partnerstwo z misj\u0105 \u0142\u0105cz\u0105ce kultur\u0119 i biznes - WISS","robots":{"index":"index","follow":"follow","max-snippet":"max-snippet:-1","max-image-preview":"max-image-preview:large","max-video-preview":"max-video-preview:-1"},"canonical":"https:\/\/www.wiss.com.pl\/en\/partnerstwo-z-misja-laczace-kulture-i-biznes\/","og_locale":"en_US","og_type":"article","og_title":"Partnerstwo z misj\u0105 \u0142\u0105cz\u0105ce kultur\u0119 i biznes - WISS","og_description":"Mamy przyjemno\u015b\u0107 og\u0142osi\u0107 podpisanie porozumienia pomi\u0119dzy Ma\u0142opolskim Muzeum Po\u017carnictwa w Alwerni a nasz\u0105 firm\u0105. To partnerstwo otwiera przestrze\u0144 do inspiruj\u0105cych dzia\u0142a\u0144 &#8211; od inicjatyw edukacyjnych, przez wydarzenia, a\u017c po kampanie przybli\u017caj\u0105ce histori\u0119 i tera\u017aniejszo\u015b\u0107 bran\u017cy po\u017carniczej. Razem chcemy \u0142\u0105czy\u0107 \u015bwiat kultury i biznesu, tworz\u0105c projekty o du\u017cym znaczeniu spo\u0142ecznym. Porozumienie zosta\u0142o podpisane przez Marka B\u0119benka [&hellip;]","og_url":"https:\/\/www.wiss.com.pl\/en\/partnerstwo-z-misja-laczace-kulture-i-biznes\/","og_site_name":"WISS","article_publisher":"https:\/\/www.facebook.com\/ISSwawrzaszek\/","article_published_time":"2025-09-29T09:53:16+00:00","article_modified_time":"2025-09-29T09:53:17+00:00","og_image":[{"width":1980,"height":1384,"url":"https:\/\/www.wiss.com.pl\/wp-content\/uploads\/2025\/09\/wiss_alwernia_porozumienie_01.jpg","type":"image\/jpeg"}],"author":"Wiola Walig\u00f3ra","twitter_card":"summary_large_image","twitter_misc":{"Written by":"Wiola Walig\u00f3ra","Est. reading time":"1 minute"},"schema":{"@context":"https:\/\/schema.org","@graph":[{"@type":"Article","@id":"https:\/\/www.wiss.com.pl\/partnerstwo-z-misja-laczace-kulture-i-biznes\/#article","isPartOf":{"@id":"https:\/\/www.wiss.com.pl\/partnerstwo-z-misja-laczace-kulture-i-biznes\/"},"author":{"name":"Wiola Walig\u00f3ra","@id":"https:\/\/www.wiss.com.pl\/#\/schema\/person\/c5aab92f11c88658ec840fa10b18f44a"},"headline":"Partnerstwo z misj\u0105 \u0142\u0105cz\u0105ce kultur\u0119 i biznes","datePublished":"2025-09-29T09:53:16+00:00","dateModified":"2025-09-29T09:53:17+00:00","mainEntityOfPage":{"@id":"https:\/\/www.wiss.com.pl\/partnerstwo-z-misja-laczace-kulture-i-biznes\/"},"wordCount":122,"commentCount":0,"publisher":{"@id":"https:\/\/www.wiss.com.pl\/#organization"},"image":{"@id":"https:\/\/www.wiss.com.pl\/partnerstwo-z-misja-laczace-kulture-i-biznes\/#primaryimage"},"thumbnailUrl":"https:\/\/www.wiss.com.pl\/wp-content\/uploads\/2025\/09\/wiss_alwernia_porozumienie_01-1024x716.jpg","articleSection":["Bez kategorii"],"inLanguage":"en-US","potentialAction":[{"@type":"CommentAction","name":"Comment","target":["https:\/\/www.wiss.com.pl\/partnerstwo-z-misja-laczace-kulture-i-biznes\/#respond"]}]},{"@type":"WebPage","@id":"https:\/\/www.wiss.com.pl\/partnerstwo-z-misja-laczace-kulture-i-biznes\/","url":"https:\/\/www.wiss.com.pl\/partnerstwo-z-misja-laczace-kulture-i-biznes\/","name":"Partnerstwo z misj\u0105 \u0142\u0105cz\u0105ce kultur\u0119 i biznes - WISS","isPartOf":{"@id":"https:\/\/www.wiss.com.pl\/#website"},"primaryImageOfPage":{"@id":"https:\/\/www.wiss.com.pl\/partnerstwo-z-misja-laczace-kulture-i-biznes\/#primaryimage"},"image":{"@id":"https:\/\/www.wiss.com.pl\/partnerstwo-z-misja-laczace-kulture-i-biznes\/#primaryimage"},"thumbnailUrl":"https:\/\/www.wiss.com.pl\/wp-content\/uploads\/2025\/09\/wiss_alwernia_porozumienie_01-1024x716.jpg","datePublished":"2025-09-29T09:53:16+00:00","dateModified":"2025-09-29T09:53:17+00:00","breadcrumb":{"@id":"https:\/\/www.wiss.com.pl\/partnerstwo-z-misja-laczace-kulture-i-biznes\/#breadcrumb"},"inLanguage":"en-US","potentialAction":[{"@type":"ReadAction","target":["https:\/\/www.wiss.com.pl\/partnerstwo-z-misja-laczace-kulture-i-biznes\/"]}]},{"@type":"ImageObject","inLanguage":"en-US","@id":"https:\/\/www.wiss.com.pl\/partnerstwo-z-misja-laczace-kulture-i-biznes\/#primaryimage","url":"https:\/\/www.wiss.com.pl\/wp-content\/uploads\/2025\/09\/wiss_alwernia_porozumienie_01-1024x716.jpg","contentUrl":"https:\/\/www.wiss.com.pl\/wp-content\/uploads\/2025\/09\/wiss_alwernia_porozumienie_01-1024x716.jpg"},{"@type":"BreadcrumbList","@id":"https:\/\/www.wiss.com.pl\/partnerstwo-z-misja-laczace-kulture-i-biznes\/#breadcrumb","itemListElement":[{"@type":"ListItem","position":1,"name":"Strona g\u0142\u00f3wna","item":"https:\/\/www.wiss.com.pl\/"},{"@type":"ListItem","position":2,"name":"Partnerstwo z misj\u0105 \u0142\u0105cz\u0105ce kultur\u0119 i biznes"}]},{"@type":"WebSite","@id":"https:\/\/www.wiss.com.pl\/#website","url":"https:\/\/www.wiss.com.pl\/","name":"WISS Samochody Specjalne","description":"Czo\u0142owy producent samochod\u00f3w po\u017carniczych w Polsce i Europie. Samochody przeznaczone dla s\u0142u\u017cb mundurowych, takich jak: stra\u017c po\u017carna, wojsko i policja.","publisher":{"@id":"https:\/\/www.wiss.com.pl\/#organization"},"potentialAction":[{"@type":"SearchAction","target":{"@type":"EntryPoint","urlTemplate":"https:\/\/www.wiss.com.pl\/?s={search_term_string}"},"query-input":{"@type":"PropertyValueSpecification","valueRequired":true,"valueName":"search_term_string"}}],"inLanguage":"en-US"},{"@type":"Organization","@id":"https:\/\/www.wiss.com.pl\/#organization","name":"WISS Samochody Specjalne","url":"https:\/\/www.wiss.com.pl\/","logo":{"@type":"ImageObject","inLanguage":"en-US","@id":"https:\/\/www.wiss.com.pl\/#\/schema\/logo\/image\/","url":"https:\/\/www.wiss.com.pl\/wp-content\/uploads\/2025\/01\/logo_bezpieczenstwo6-1.jpg","contentUrl":"https:\/\/www.wiss.com.pl\/wp-content\/uploads\/2025\/01\/logo_bezpieczenstwo6-1.jpg","width":1450,"height":407,"caption":"WISS Samochody Specjalne"},"image":{"@id":"https:\/\/www.wiss.com.pl\/#\/schema\/logo\/image\/"},"sameAs":["https:\/\/www.facebook.com\/ISSwawrzaszek\/"]},{"@type":"Person","@id":"https:\/\/www.wiss.com.pl\/#\/schema\/person\/c5aab92f11c88658ec840fa10b18f44a","name":"Wiola Walig\u00f3ra","image":{"@type":"ImageObject","inLanguage":"en-US","@id":"https:\/\/secure.gravatar.com\/avatar\/cf15fc5e487d691abc57da16be3e277156e7ca3c9e1aae4414992fe708009075?s=96&d=mm&r=g","url":"https:\/\/secure.gravatar.com\/avatar\/cf15fc5e487d691abc57da16be3e277156e7ca3c9e1aae4414992fe708009075?s=96&d=mm&r=g","contentUrl":"https:\/\/secure.gravatar.com\/avatar\/cf15fc5e487d691abc57da16be3e277156e7ca3c9e1aae4414992fe708009075?s=96&d=mm&r=g","caption":"Wiola Walig\u00f3ra"},"sameAs":["https:\/\/www.wiss.com.pl\/_www_wiss_polska\/stronanowa"],"url":"https:\/\/www.wiss.com.pl\/en\/author\/wwaligora\/"}]}},"_links":{"self":[{"href":"https:\/\/www.wiss.com.pl\/en\/wp-json\/wp\/v2\/posts\/6100","targetHints":{"allow":["GET"]}}],"collection":[{"href":"https:\/\/www.wiss.com.pl\/en\/wp-json\/wp\/v2\/posts"}],"about":[{"href":"https:\/\/www.wiss.com.pl\/en\/wp-json\/wp\/v2\/types\/post"}],"author":[{"embeddable":true,"href":"https:\/\/www.wiss.com.pl\/en\/wp-json\/wp\/v2\/users\/2"}],"replies":[{"embeddable":true,"href":"https:\/\/www.wiss.com.pl\/en\/wp-json\/wp\/v2\/comments?post=6100"}],"version-history":[{"count":1,"href":"https:\/\/www.wiss.com.pl\/en\/wp-json\/wp\/v2\/posts\/6100\/revisions"}],"predecessor-version":[{"id":6106,"href":"https:\/\/www.wiss.com.pl\/en\/wp-json\/wp\/v2\/posts\/6100\/revisions\/6106"}],"wp:attachment":[{"href":"https:\/\/www.wiss.com.pl\/en\/wp-json\/wp\/v2\/media?parent=6100"}],"wp:term":[{"taxonomy":"category","embeddable":true,"href":"https:\/\/www.wiss.com.pl\/en\/wp-json\/wp\/v2\/categories?post=6100"},{"taxonomy":"post_tag","embeddable":true,"href":"https:\/\/www.wiss.com.pl\/en\/wp-json\/wp\/v2\/tags?post=6100"}],"curies":[{"name":"wp","href":"https:\/\/api.w.org\/{rel}","templated":true}]}}