{"id":6095,"date":"2025-09-26T08:52:19","date_gmt":"2025-09-26T06:52:19","guid":{"rendered":"https:\/\/www.wiss.com.pl\/?p=6095"},"modified":"2025-09-26T08:54:20","modified_gmt":"2025-09-26T06:54:20","slug":"6095-2","status":"publish","type":"post","link":"https:\/\/www.wiss.com.pl\/en\/6095-2\/","title":{"rendered":"B\u0118DZIEMY OBECNI NA REAS 2025"},"content":{"rendered":"<p class=\"has-text-align-left\">W dniach <strong>3-5 pa\u017adziernika 2025<\/strong> b\u0119dziemy obecni na <strong>REAS &#8211; 24. Mi\u0119dzynarodowej Wystawie Ratownictwa, Po\u017carnictwa, Pomocy w Sytuacjach Kl\u0119sk \u017bywio\u0142owych i Bezpiecze\u0144stwa<\/strong>.<\/p>\n\n\n\n<p class=\"has-text-align-left\">Do w\u0142oskiego Montichiari zabieramy nasz nowy samoch\u00f3d, wyposa\u017cony w najnowsze rozwi\u0105zania dla bran\u017cy po\u017carniczej. Zapraszamy!<\/p>\n\n\n\n<figure class=\"wp-block-image size-large\"><img fetchpriority=\"high\" decoding=\"async\" width=\"1024\" height=\"550\" src=\"https:\/\/www.wiss.com.pl\/wp-content\/uploads\/2025\/09\/REAS-2025_WISS_invitation_en-1024x550.jpg\" alt=\"\" class=\"wp-image-6096\" srcset=\"https:\/\/www.wiss.com.pl\/wp-content\/uploads\/2025\/09\/REAS-2025_WISS_invitation_en-1024x550.jpg 1024w, https:\/\/www.wiss.com.pl\/wp-content\/uploads\/2025\/09\/REAS-2025_WISS_invitation_en-300x161.jpg 300w, https:\/\/www.wiss.com.pl\/wp-content\/uploads\/2025\/09\/REAS-2025_WISS_invitation_en-768x412.jpg 768w, https:\/\/www.wiss.com.pl\/wp-content\/uploads\/2025\/09\/REAS-2025_WISS_invitation_en-18x10.jpg 18w, https:\/\/www.wiss.com.pl\/wp-content\/uploads\/2025\/09\/REAS-2025_WISS_invitation_en-800x429.jpg 800w, https:\/\/www.wiss.com.pl\/wp-content\/uploads\/2025\/09\/REAS-2025_WISS_invitation_en.jpg 1276w\" sizes=\"(max-width: 1024px) 100vw, 1024px\" \/><\/figure>","protected":false},"excerpt":{"rendered":"<p>W dniach 3-5 pa\u017adziernika 2025 b\u0119dziemy obecni na REAS &#8211; 24. Mi\u0119dzynarodowej Wystawie Ratownictwa, Po\u017carnictwa, Pomocy w Sytuacjach Kl\u0119sk \u017bywio\u0142owych i Bezpiecze\u0144stwa. Do w\u0142oskiego Montichiari zabieramy nasz nowy samoch\u00f3d, wyposa\u017cony w najnowsze rozwi\u0105zania dla bran\u017cy po\u017carniczej. Zapraszamy!<\/p>","protected":false},"author":2,"featured_media":0,"comment_status":"open","ping_status":"open","sticky":false,"template":"","format":"standard","meta":{"_acf_changed":false,"footnotes":""},"categories":[1],"tags":[],"class_list":["post-6095","post","type-post","status-publish","format-standard","hentry","category-bez-kategorii"],"acf":[],"yoast_head":"<!-- This site is optimized with the Yoast SEO plugin v27.4 - https:\/\/yoast.com\/product\/yoast-seo-wordpress\/ -->\n<title>B\u0118DZIEMY OBECNI NA REAS 2025 - WISS<\/title>\n<meta name=\"robots\" content=\"index, follow, max-snippet:-1, max-image-preview:large, max-video-preview:-1\" \/>\n<link rel=\"canonical\" href=\"https:\/\/www.wiss.com.pl\/en\/6095-2\/\" \/>\n<meta property=\"og:locale\" content=\"en_US\" \/>\n<meta property=\"og:type\" content=\"article\" \/>\n<meta property=\"og:title\" content=\"B\u0118DZIEMY OBECNI NA REAS 2025 - WISS\" \/>\n<meta property=\"og:description\" content=\"W dniach 3-5 pa\u017adziernika 2025 b\u0119dziemy obecni na REAS &#8211; 24. Mi\u0119dzynarodowej Wystawie Ratownictwa, Po\u017carnictwa, Pomocy w Sytuacjach Kl\u0119sk \u017bywio\u0142owych i Bezpiecze\u0144stwa. Do w\u0142oskiego Montichiari zabieramy nasz nowy samoch\u00f3d, wyposa\u017cony w najnowsze rozwi\u0105zania dla bran\u017cy po\u017carniczej. Zapraszamy!\" \/>\n<meta property=\"og:url\" content=\"https:\/\/www.wiss.com.pl\/en\/6095-2\/\" \/>\n<meta property=\"og:site_name\" content=\"WISS\" \/>\n<meta property=\"article:publisher\" content=\"https:\/\/www.facebook.com\/ISSwawrzaszek\/\" \/>\n<meta property=\"article:published_time\" content=\"2025-09-26T06:52:19+00:00\" \/>\n<meta property=\"article:modified_time\" content=\"2025-09-26T06:54:20+00:00\" \/>\n<meta property=\"og:image\" content=\"https:\/\/www.wiss.com.pl\/wp-content\/uploads\/2025\/09\/REAS-2025_WISS_invitation_en.jpg\" \/>\n\t<meta property=\"og:image:width\" content=\"1276\" \/>\n\t<meta property=\"og:image:height\" content=\"685\" \/>\n\t<meta property=\"og:image:type\" content=\"image\/jpeg\" \/>\n<meta name=\"author\" content=\"Wiola Walig\u00f3ra\" \/>\n<meta name=\"twitter:card\" content=\"summary_large_image\" \/>\n<meta name=\"twitter:label1\" content=\"Written by\" \/>\n\t<meta name=\"twitter:data1\" content=\"Wiola Walig\u00f3ra\" \/>\n<script type=\"application\/ld+json\" class=\"yoast-schema-graph\">{\"@context\":\"https:\\\/\\\/schema.org\",\"@graph\":[{\"@type\":\"Article\",\"@id\":\"https:\\\/\\\/www.wiss.com.pl\\\/6095-2\\\/#article\",\"isPartOf\":{\"@id\":\"https:\\\/\\\/www.wiss.com.pl\\\/6095-2\\\/\"},\"author\":{\"name\":\"Wiola Walig\u00f3ra\",\"@id\":\"https:\\\/\\\/www.wiss.com.pl\\\/#\\\/schema\\\/person\\\/c5aab92f11c88658ec840fa10b18f44a\"},\"headline\":\"B\u0118DZIEMY OBECNI NA REAS 2025\",\"datePublished\":\"2025-09-26T06:52:19+00:00\",\"dateModified\":\"2025-09-26T06:54:20+00:00\",\"mainEntityOfPage\":{\"@id\":\"https:\\\/\\\/www.wiss.com.pl\\\/6095-2\\\/\"},\"wordCount\":53,\"commentCount\":0,\"publisher\":{\"@id\":\"https:\\\/\\\/www.wiss.com.pl\\\/#organization\"},\"image\":{\"@id\":\"https:\\\/\\\/www.wiss.com.pl\\\/6095-2\\\/#primaryimage\"},\"thumbnailUrl\":\"https:\\\/\\\/www.wiss.com.pl\\\/wp-content\\\/uploads\\\/2025\\\/09\\\/REAS-2025_WISS_invitation_en-1024x550.jpg\",\"articleSection\":[\"Bez kategorii\"],\"inLanguage\":\"en-US\",\"potentialAction\":[{\"@type\":\"CommentAction\",\"name\":\"Comment\",\"target\":[\"https:\\\/\\\/www.wiss.com.pl\\\/6095-2\\\/#respond\"]}]},{\"@type\":\"WebPage\",\"@id\":\"https:\\\/\\\/www.wiss.com.pl\\\/6095-2\\\/\",\"url\":\"https:\\\/\\\/www.wiss.com.pl\\\/6095-2\\\/\",\"name\":\"B\u0118DZIEMY OBECNI NA REAS 2025 - WISS\",\"isPartOf\":{\"@id\":\"https:\\\/\\\/www.wiss.com.pl\\\/#website\"},\"primaryImageOfPage\":{\"@id\":\"https:\\\/\\\/www.wiss.com.pl\\\/6095-2\\\/#primaryimage\"},\"image\":{\"@id\":\"https:\\\/\\\/www.wiss.com.pl\\\/6095-2\\\/#primaryimage\"},\"thumbnailUrl\":\"https:\\\/\\\/www.wiss.com.pl\\\/wp-content\\\/uploads\\\/2025\\\/09\\\/REAS-2025_WISS_invitation_en-1024x550.jpg\",\"datePublished\":\"2025-09-26T06:52:19+00:00\",\"dateModified\":\"2025-09-26T06:54:20+00:00\",\"breadcrumb\":{\"@id\":\"https:\\\/\\\/www.wiss.com.pl\\\/6095-2\\\/#breadcrumb\"},\"inLanguage\":\"en-US\",\"potentialAction\":[{\"@type\":\"ReadAction\",\"target\":[\"https:\\\/\\\/www.wiss.com.pl\\\/6095-2\\\/\"]}]},{\"@type\":\"ImageObject\",\"inLanguage\":\"en-US\",\"@id\":\"https:\\\/\\\/www.wiss.com.pl\\\/6095-2\\\/#primaryimage\",\"url\":\"https:\\\/\\\/www.wiss.com.pl\\\/wp-content\\\/uploads\\\/2025\\\/09\\\/REAS-2025_WISS_invitation_en-1024x550.jpg\",\"contentUrl\":\"https:\\\/\\\/www.wiss.com.pl\\\/wp-content\\\/uploads\\\/2025\\\/09\\\/REAS-2025_WISS_invitation_en-1024x550.jpg\"},{\"@type\":\"BreadcrumbList\",\"@id\":\"https:\\\/\\\/www.wiss.com.pl\\\/6095-2\\\/#breadcrumb\",\"itemListElement\":[{\"@type\":\"ListItem\",\"position\":1,\"name\":\"Strona g\u0142\u00f3wna\",\"item\":\"https:\\\/\\\/www.wiss.com.pl\\\/\"},{\"@type\":\"ListItem\",\"position\":2,\"name\":\"B\u0118DZIEMY OBECNI NA REAS 2025\"}]},{\"@type\":\"WebSite\",\"@id\":\"https:\\\/\\\/www.wiss.com.pl\\\/#website\",\"url\":\"https:\\\/\\\/www.wiss.com.pl\\\/\",\"name\":\"WISS Samochody Specjalne\",\"description\":\"Czo\u0142owy producent samochod\u00f3w po\u017carniczych w Polsce i Europie. Samochody przeznaczone dla s\u0142u\u017cb mundurowych, takich jak: stra\u017c po\u017carna, wojsko i policja.\",\"publisher\":{\"@id\":\"https:\\\/\\\/www.wiss.com.pl\\\/#organization\"},\"potentialAction\":[{\"@type\":\"SearchAction\",\"target\":{\"@type\":\"EntryPoint\",\"urlTemplate\":\"https:\\\/\\\/www.wiss.com.pl\\\/?s={search_term_string}\"},\"query-input\":{\"@type\":\"PropertyValueSpecification\",\"valueRequired\":true,\"valueName\":\"search_term_string\"}}],\"inLanguage\":\"en-US\"},{\"@type\":\"Organization\",\"@id\":\"https:\\\/\\\/www.wiss.com.pl\\\/#organization\",\"name\":\"WISS Samochody Specjalne\",\"url\":\"https:\\\/\\\/www.wiss.com.pl\\\/\",\"logo\":{\"@type\":\"ImageObject\",\"inLanguage\":\"en-US\",\"@id\":\"https:\\\/\\\/www.wiss.com.pl\\\/#\\\/schema\\\/logo\\\/image\\\/\",\"url\":\"https:\\\/\\\/www.wiss.com.pl\\\/wp-content\\\/uploads\\\/2025\\\/01\\\/logo_bezpieczenstwo6-1.jpg\",\"contentUrl\":\"https:\\\/\\\/www.wiss.com.pl\\\/wp-content\\\/uploads\\\/2025\\\/01\\\/logo_bezpieczenstwo6-1.jpg\",\"width\":1450,\"height\":407,\"caption\":\"WISS Samochody Specjalne\"},\"image\":{\"@id\":\"https:\\\/\\\/www.wiss.com.pl\\\/#\\\/schema\\\/logo\\\/image\\\/\"},\"sameAs\":[\"https:\\\/\\\/www.facebook.com\\\/ISSwawrzaszek\\\/\"]},{\"@type\":\"Person\",\"@id\":\"https:\\\/\\\/www.wiss.com.pl\\\/#\\\/schema\\\/person\\\/c5aab92f11c88658ec840fa10b18f44a\",\"name\":\"Wiola Walig\u00f3ra\",\"image\":{\"@type\":\"ImageObject\",\"inLanguage\":\"en-US\",\"@id\":\"https:\\\/\\\/secure.gravatar.com\\\/avatar\\\/cf15fc5e487d691abc57da16be3e277156e7ca3c9e1aae4414992fe708009075?s=96&d=mm&r=g\",\"url\":\"https:\\\/\\\/secure.gravatar.com\\\/avatar\\\/cf15fc5e487d691abc57da16be3e277156e7ca3c9e1aae4414992fe708009075?s=96&d=mm&r=g\",\"contentUrl\":\"https:\\\/\\\/secure.gravatar.com\\\/avatar\\\/cf15fc5e487d691abc57da16be3e277156e7ca3c9e1aae4414992fe708009075?s=96&d=mm&r=g\",\"caption\":\"Wiola Walig\u00f3ra\"},\"sameAs\":[\"https:\\\/\\\/www.wiss.com.pl\\\/_www_wiss_polska\\\/stronanowa\"],\"url\":\"https:\\\/\\\/www.wiss.com.pl\\\/en\\\/author\\\/wwaligora\\\/\"}]}<\/script>\n<!-- \/ Yoast SEO plugin. -->","yoast_head_json":{"title":"B\u0118DZIEMY OBECNI NA REAS 2025 - WISS","robots":{"index":"index","follow":"follow","max-snippet":"max-snippet:-1","max-image-preview":"max-image-preview:large","max-video-preview":"max-video-preview:-1"},"canonical":"https:\/\/www.wiss.com.pl\/en\/6095-2\/","og_locale":"en_US","og_type":"article","og_title":"B\u0118DZIEMY OBECNI NA REAS 2025 - WISS","og_description":"W dniach 3-5 pa\u017adziernika 2025 b\u0119dziemy obecni na REAS &#8211; 24. Mi\u0119dzynarodowej Wystawie Ratownictwa, Po\u017carnictwa, Pomocy w Sytuacjach Kl\u0119sk \u017bywio\u0142owych i Bezpiecze\u0144stwa. Do w\u0142oskiego Montichiari zabieramy nasz nowy samoch\u00f3d, wyposa\u017cony w najnowsze rozwi\u0105zania dla bran\u017cy po\u017carniczej. Zapraszamy!","og_url":"https:\/\/www.wiss.com.pl\/en\/6095-2\/","og_site_name":"WISS","article_publisher":"https:\/\/www.facebook.com\/ISSwawrzaszek\/","article_published_time":"2025-09-26T06:52:19+00:00","article_modified_time":"2025-09-26T06:54:20+00:00","og_image":[{"width":1276,"height":685,"url":"https:\/\/www.wiss.com.pl\/wp-content\/uploads\/2025\/09\/REAS-2025_WISS_invitation_en.jpg","type":"image\/jpeg"}],"author":"Wiola Walig\u00f3ra","twitter_card":"summary_large_image","twitter_misc":{"Written by":"Wiola Walig\u00f3ra"},"schema":{"@context":"https:\/\/schema.org","@graph":[{"@type":"Article","@id":"https:\/\/www.wiss.com.pl\/6095-2\/#article","isPartOf":{"@id":"https:\/\/www.wiss.com.pl\/6095-2\/"},"author":{"name":"Wiola Walig\u00f3ra","@id":"https:\/\/www.wiss.com.pl\/#\/schema\/person\/c5aab92f11c88658ec840fa10b18f44a"},"headline":"B\u0118DZIEMY OBECNI NA REAS 2025","datePublished":"2025-09-26T06:52:19+00:00","dateModified":"2025-09-26T06:54:20+00:00","mainEntityOfPage":{"@id":"https:\/\/www.wiss.com.pl\/6095-2\/"},"wordCount":53,"commentCount":0,"publisher":{"@id":"https:\/\/www.wiss.com.pl\/#organization"},"image":{"@id":"https:\/\/www.wiss.com.pl\/6095-2\/#primaryimage"},"thumbnailUrl":"https:\/\/www.wiss.com.pl\/wp-content\/uploads\/2025\/09\/REAS-2025_WISS_invitation_en-1024x550.jpg","articleSection":["Bez kategorii"],"inLanguage":"en-US","potentialAction":[{"@type":"CommentAction","name":"Comment","target":["https:\/\/www.wiss.com.pl\/6095-2\/#respond"]}]},{"@type":"WebPage","@id":"https:\/\/www.wiss.com.pl\/6095-2\/","url":"https:\/\/www.wiss.com.pl\/6095-2\/","name":"B\u0118DZIEMY OBECNI NA REAS 2025 - WISS","isPartOf":{"@id":"https:\/\/www.wiss.com.pl\/#website"},"primaryImageOfPage":{"@id":"https:\/\/www.wiss.com.pl\/6095-2\/#primaryimage"},"image":{"@id":"https:\/\/www.wiss.com.pl\/6095-2\/#primaryimage"},"thumbnailUrl":"https:\/\/www.wiss.com.pl\/wp-content\/uploads\/2025\/09\/REAS-2025_WISS_invitation_en-1024x550.jpg","datePublished":"2025-09-26T06:52:19+00:00","dateModified":"2025-09-26T06:54:20+00:00","breadcrumb":{"@id":"https:\/\/www.wiss.com.pl\/6095-2\/#breadcrumb"},"inLanguage":"en-US","potentialAction":[{"@type":"ReadAction","target":["https:\/\/www.wiss.com.pl\/6095-2\/"]}]},{"@type":"ImageObject","inLanguage":"en-US","@id":"https:\/\/www.wiss.com.pl\/6095-2\/#primaryimage","url":"https:\/\/www.wiss.com.pl\/wp-content\/uploads\/2025\/09\/REAS-2025_WISS_invitation_en-1024x550.jpg","contentUrl":"https:\/\/www.wiss.com.pl\/wp-content\/uploads\/2025\/09\/REAS-2025_WISS_invitation_en-1024x550.jpg"},{"@type":"BreadcrumbList","@id":"https:\/\/www.wiss.com.pl\/6095-2\/#breadcrumb","itemListElement":[{"@type":"ListItem","position":1,"name":"Strona g\u0142\u00f3wna","item":"https:\/\/www.wiss.com.pl\/"},{"@type":"ListItem","position":2,"name":"B\u0118DZIEMY OBECNI NA REAS 2025"}]},{"@type":"WebSite","@id":"https:\/\/www.wiss.com.pl\/#website","url":"https:\/\/www.wiss.com.pl\/","name":"WISS Samochody Specjalne","description":"Czo\u0142owy producent samochod\u00f3w po\u017carniczych w Polsce i Europie. Samochody przeznaczone dla s\u0142u\u017cb mundurowych, takich jak: stra\u017c po\u017carna, wojsko i policja.","publisher":{"@id":"https:\/\/www.wiss.com.pl\/#organization"},"potentialAction":[{"@type":"SearchAction","target":{"@type":"EntryPoint","urlTemplate":"https:\/\/www.wiss.com.pl\/?s={search_term_string}"},"query-input":{"@type":"PropertyValueSpecification","valueRequired":true,"valueName":"search_term_string"}}],"inLanguage":"en-US"},{"@type":"Organization","@id":"https:\/\/www.wiss.com.pl\/#organization","name":"WISS Samochody Specjalne","url":"https:\/\/www.wiss.com.pl\/","logo":{"@type":"ImageObject","inLanguage":"en-US","@id":"https:\/\/www.wiss.com.pl\/#\/schema\/logo\/image\/","url":"https:\/\/www.wiss.com.pl\/wp-content\/uploads\/2025\/01\/logo_bezpieczenstwo6-1.jpg","contentUrl":"https:\/\/www.wiss.com.pl\/wp-content\/uploads\/2025\/01\/logo_bezpieczenstwo6-1.jpg","width":1450,"height":407,"caption":"WISS Samochody Specjalne"},"image":{"@id":"https:\/\/www.wiss.com.pl\/#\/schema\/logo\/image\/"},"sameAs":["https:\/\/www.facebook.com\/ISSwawrzaszek\/"]},{"@type":"Person","@id":"https:\/\/www.wiss.com.pl\/#\/schema\/person\/c5aab92f11c88658ec840fa10b18f44a","name":"Wiola Walig\u00f3ra","image":{"@type":"ImageObject","inLanguage":"en-US","@id":"https:\/\/secure.gravatar.com\/avatar\/cf15fc5e487d691abc57da16be3e277156e7ca3c9e1aae4414992fe708009075?s=96&d=mm&r=g","url":"https:\/\/secure.gravatar.com\/avatar\/cf15fc5e487d691abc57da16be3e277156e7ca3c9e1aae4414992fe708009075?s=96&d=mm&r=g","contentUrl":"https:\/\/secure.gravatar.com\/avatar\/cf15fc5e487d691abc57da16be3e277156e7ca3c9e1aae4414992fe708009075?s=96&d=mm&r=g","caption":"Wiola Walig\u00f3ra"},"sameAs":["https:\/\/www.wiss.com.pl\/_www_wiss_polska\/stronanowa"],"url":"https:\/\/www.wiss.com.pl\/en\/author\/wwaligora\/"}]}},"_links":{"self":[{"href":"https:\/\/www.wiss.com.pl\/en\/wp-json\/wp\/v2\/posts\/6095","targetHints":{"allow":["GET"]}}],"collection":[{"href":"https:\/\/www.wiss.com.pl\/en\/wp-json\/wp\/v2\/posts"}],"about":[{"href":"https:\/\/www.wiss.com.pl\/en\/wp-json\/wp\/v2\/types\/post"}],"author":[{"embeddable":true,"href":"https:\/\/www.wiss.com.pl\/en\/wp-json\/wp\/v2\/users\/2"}],"replies":[{"embeddable":true,"href":"https:\/\/www.wiss.com.pl\/en\/wp-json\/wp\/v2\/comments?post=6095"}],"version-history":[{"count":3,"href":"https:\/\/www.wiss.com.pl\/en\/wp-json\/wp\/v2\/posts\/6095\/revisions"}],"predecessor-version":[{"id":6099,"href":"https:\/\/www.wiss.com.pl\/en\/wp-json\/wp\/v2\/posts\/6095\/revisions\/6099"}],"wp:attachment":[{"href":"https:\/\/www.wiss.com.pl\/en\/wp-json\/wp\/v2\/media?parent=6095"}],"wp:term":[{"taxonomy":"category","embeddable":true,"href":"https:\/\/www.wiss.com.pl\/en\/wp-json\/wp\/v2\/categories?post=6095"},{"taxonomy":"post_tag","embeddable":true,"href":"https:\/\/www.wiss.com.pl\/en\/wp-json\/wp\/v2\/tags?post=6095"}],"curies":[{"name":"wp","href":"https:\/\/api.w.org\/{rel}","templated":true}]}}