{"id":6078,"date":"2025-09-25T13:46:51","date_gmt":"2025-09-25T11:46:51","guid":{"rendered":"https:\/\/www.wiss.com.pl\/?p=6078"},"modified":"2025-09-25T13:47:53","modified_gmt":"2025-09-25T11:47:53","slug":"cztery-fordy-f-550-dla-islandzkich-portow-lotniczych","status":"publish","type":"post","link":"https:\/\/www.wiss.com.pl\/en\/cztery-fordy-f-550-dla-islandzkich-portow-lotniczych\/","title":{"rendered":"CZTERY FORDY F-550 DLA ISLANDZKICH PORT\u00d3W LOTNICZYCH"},"content":{"rendered":"<p class=\"has-text-align-left\">W porcie lotniczym w Reykjav\u00edku \u2013 stolicy Islandii \u2013 oficjalnie przekazali\u015bmy <strong>cztery \u015brednie lotniskowe samochody ratowniczo-ga\u015bnicze Ford F-550<\/strong>. Pojazdy b\u0119d\u0105 dzia\u0142a\u0107 w portach lotniczych: Hornafj\u00f6r\u00f0urflugv\u00f6llur, B\u00edldudalsflugv\u00f6llur, Gj\u00f6gurflugv\u00f6llur oraz Gr\u00edmseyjarflugv\u00f6llur.<\/p>\n\n\n\n<p class=\"has-text-align-left\">Ka\u017cdy samoch\u00f3d wyposa\u017cony jest w nap\u0119d 4&#215;4 i 3-osobow\u0105 kabin\u0119, 5 skrytek sprz\u0119towych, zbiornik wody o pojemno\u015bci 2400 l, autopomp\u0119 o wydajno\u015bci 2000 l\/min przy ci\u015bnieniu 10 bar\u00f3w, agregat proszkowy 135 kg oraz dzia\u0142ko zderzakowe.<\/p>\n\n\n\n<figure class=\"wp-block-gallery has-nested-images columns-default is-cropped wp-block-gallery-1 is-layout-flex wp-block-gallery-is-layout-flex\">\n<figure class=\"wp-block-image size-large\"><img fetchpriority=\"high\" decoding=\"async\" width=\"1024\" height=\"716\" data-id=\"6080\" src=\"https:\/\/www.wiss.com.pl\/wp-content\/uploads\/2025\/09\/ford_islandia_01-1024x716.jpg\" alt=\"\" class=\"wp-image-6080\" srcset=\"https:\/\/www.wiss.com.pl\/wp-content\/uploads\/2025\/09\/ford_islandia_01-1024x716.jpg 1024w, https:\/\/www.wiss.com.pl\/wp-content\/uploads\/2025\/09\/ford_islandia_01-300x210.jpg 300w, https:\/\/www.wiss.com.pl\/wp-content\/uploads\/2025\/09\/ford_islandia_01-768x537.jpg 768w, https:\/\/www.wiss.com.pl\/wp-content\/uploads\/2025\/09\/ford_islandia_01-1536x1074.jpg 1536w, https:\/\/www.wiss.com.pl\/wp-content\/uploads\/2025\/09\/ford_islandia_01-18x12.jpg 18w, https:\/\/www.wiss.com.pl\/wp-content\/uploads\/2025\/09\/ford_islandia_01-800x559.jpg 800w, https:\/\/www.wiss.com.pl\/wp-content\/uploads\/2025\/09\/ford_islandia_01.jpg 1980w\" sizes=\"(max-width: 1024px) 100vw, 1024px\" \/><\/figure>\n\n\n\n<figure class=\"wp-block-image size-large\"><img decoding=\"async\" width=\"1024\" height=\"716\" data-id=\"6084\" src=\"https:\/\/www.wiss.com.pl\/wp-content\/uploads\/2025\/09\/ford_islandia_05-1024x716.jpg\" alt=\"\" class=\"wp-image-6084\" srcset=\"https:\/\/www.wiss.com.pl\/wp-content\/uploads\/2025\/09\/ford_islandia_05-1024x716.jpg 1024w, https:\/\/www.wiss.com.pl\/wp-content\/uploads\/2025\/09\/ford_islandia_05-300x210.jpg 300w, https:\/\/www.wiss.com.pl\/wp-content\/uploads\/2025\/09\/ford_islandia_05-768x537.jpg 768w, https:\/\/www.wiss.com.pl\/wp-content\/uploads\/2025\/09\/ford_islandia_05-1536x1074.jpg 1536w, https:\/\/www.wiss.com.pl\/wp-content\/uploads\/2025\/09\/ford_islandia_05-18x12.jpg 18w, https:\/\/www.wiss.com.pl\/wp-content\/uploads\/2025\/09\/ford_islandia_05-800x559.jpg 800w, https:\/\/www.wiss.com.pl\/wp-content\/uploads\/2025\/09\/ford_islandia_05.jpg 1980w\" sizes=\"(max-width: 1024px) 100vw, 1024px\" \/><\/figure>\n\n\n\n<figure class=\"wp-block-image size-large\"><img decoding=\"async\" width=\"1024\" height=\"716\" data-id=\"6081\" src=\"https:\/\/www.wiss.com.pl\/wp-content\/uploads\/2025\/09\/ford_islandia_02-1024x716.jpg\" alt=\"\" class=\"wp-image-6081\" srcset=\"https:\/\/www.wiss.com.pl\/wp-content\/uploads\/2025\/09\/ford_islandia_02-1024x716.jpg 1024w, https:\/\/www.wiss.com.pl\/wp-content\/uploads\/2025\/09\/ford_islandia_02-300x210.jpg 300w, https:\/\/www.wiss.com.pl\/wp-content\/uploads\/2025\/09\/ford_islandia_02-768x537.jpg 768w, https:\/\/www.wiss.com.pl\/wp-content\/uploads\/2025\/09\/ford_islandia_02-1536x1074.jpg 1536w, https:\/\/www.wiss.com.pl\/wp-content\/uploads\/2025\/09\/ford_islandia_02-18x12.jpg 18w, https:\/\/www.wiss.com.pl\/wp-content\/uploads\/2025\/09\/ford_islandia_02-800x559.jpg 800w, https:\/\/www.wiss.com.pl\/wp-content\/uploads\/2025\/09\/ford_islandia_02.jpg 1980w\" sizes=\"(max-width: 1024px) 100vw, 1024px\" \/><\/figure>\n\n\n\n<figure class=\"wp-block-image size-large\"><img loading=\"lazy\" decoding=\"async\" width=\"1024\" height=\"716\" data-id=\"6082\" src=\"https:\/\/www.wiss.com.pl\/wp-content\/uploads\/2025\/09\/ford_islandia_03-1024x716.jpg\" alt=\"\" class=\"wp-image-6082\" srcset=\"https:\/\/www.wiss.com.pl\/wp-content\/uploads\/2025\/09\/ford_islandia_03-1024x716.jpg 1024w, https:\/\/www.wiss.com.pl\/wp-content\/uploads\/2025\/09\/ford_islandia_03-300x210.jpg 300w, https:\/\/www.wiss.com.pl\/wp-content\/uploads\/2025\/09\/ford_islandia_03-768x537.jpg 768w, https:\/\/www.wiss.com.pl\/wp-content\/uploads\/2025\/09\/ford_islandia_03-1536x1074.jpg 1536w, https:\/\/www.wiss.com.pl\/wp-content\/uploads\/2025\/09\/ford_islandia_03-18x12.jpg 18w, https:\/\/www.wiss.com.pl\/wp-content\/uploads\/2025\/09\/ford_islandia_03-800x559.jpg 800w, https:\/\/www.wiss.com.pl\/wp-content\/uploads\/2025\/09\/ford_islandia_03.jpg 1980w\" sizes=\"(max-width: 1024px) 100vw, 1024px\" \/><\/figure>\n\n\n\n<figure class=\"wp-block-image size-large\"><img loading=\"lazy\" decoding=\"async\" width=\"1024\" height=\"716\" data-id=\"6083\" src=\"https:\/\/www.wiss.com.pl\/wp-content\/uploads\/2025\/09\/ford_islandia_04-1024x716.jpg\" alt=\"\" class=\"wp-image-6083\" srcset=\"https:\/\/www.wiss.com.pl\/wp-content\/uploads\/2025\/09\/ford_islandia_04-1024x716.jpg 1024w, https:\/\/www.wiss.com.pl\/wp-content\/uploads\/2025\/09\/ford_islandia_04-300x210.jpg 300w, https:\/\/www.wiss.com.pl\/wp-content\/uploads\/2025\/09\/ford_islandia_04-768x537.jpg 768w, https:\/\/www.wiss.com.pl\/wp-content\/uploads\/2025\/09\/ford_islandia_04-1536x1074.jpg 1536w, https:\/\/www.wiss.com.pl\/wp-content\/uploads\/2025\/09\/ford_islandia_04-18x12.jpg 18w, https:\/\/www.wiss.com.pl\/wp-content\/uploads\/2025\/09\/ford_islandia_04-800x559.jpg 800w, https:\/\/www.wiss.com.pl\/wp-content\/uploads\/2025\/09\/ford_islandia_04.jpg 1980w\" sizes=\"(max-width: 1024px) 100vw, 1024px\" \/><\/figure>\n\n\n\n<figure class=\"wp-block-image size-large\"><img loading=\"lazy\" decoding=\"async\" width=\"1024\" height=\"716\" data-id=\"6085\" src=\"https:\/\/www.wiss.com.pl\/wp-content\/uploads\/2025\/09\/ford_islandia_06-1024x716.jpg\" alt=\"\" class=\"wp-image-6085\" srcset=\"https:\/\/www.wiss.com.pl\/wp-content\/uploads\/2025\/09\/ford_islandia_06-1024x716.jpg 1024w, https:\/\/www.wiss.com.pl\/wp-content\/uploads\/2025\/09\/ford_islandia_06-300x210.jpg 300w, https:\/\/www.wiss.com.pl\/wp-content\/uploads\/2025\/09\/ford_islandia_06-768x537.jpg 768w, https:\/\/www.wiss.com.pl\/wp-content\/uploads\/2025\/09\/ford_islandia_06-1536x1074.jpg 1536w, https:\/\/www.wiss.com.pl\/wp-content\/uploads\/2025\/09\/ford_islandia_06-18x12.jpg 18w, https:\/\/www.wiss.com.pl\/wp-content\/uploads\/2025\/09\/ford_islandia_06-800x559.jpg 800w, https:\/\/www.wiss.com.pl\/wp-content\/uploads\/2025\/09\/ford_islandia_06.jpg 1980w\" sizes=\"(max-width: 1024px) 100vw, 1024px\" \/><\/figure>\n\n\n\n<figure class=\"wp-block-image size-large\"><img loading=\"lazy\" decoding=\"async\" width=\"1024\" height=\"716\" data-id=\"6086\" src=\"https:\/\/www.wiss.com.pl\/wp-content\/uploads\/2025\/09\/ford_islandia_07-1024x716.jpg\" alt=\"\" class=\"wp-image-6086\" srcset=\"https:\/\/www.wiss.com.pl\/wp-content\/uploads\/2025\/09\/ford_islandia_07-1024x716.jpg 1024w, https:\/\/www.wiss.com.pl\/wp-content\/uploads\/2025\/09\/ford_islandia_07-300x210.jpg 300w, https:\/\/www.wiss.com.pl\/wp-content\/uploads\/2025\/09\/ford_islandia_07-768x537.jpg 768w, https:\/\/www.wiss.com.pl\/wp-content\/uploads\/2025\/09\/ford_islandia_07-1536x1074.jpg 1536w, https:\/\/www.wiss.com.pl\/wp-content\/uploads\/2025\/09\/ford_islandia_07-18x12.jpg 18w, https:\/\/www.wiss.com.pl\/wp-content\/uploads\/2025\/09\/ford_islandia_07-800x559.jpg 800w, https:\/\/www.wiss.com.pl\/wp-content\/uploads\/2025\/09\/ford_islandia_07.jpg 1980w\" sizes=\"(max-width: 1024px) 100vw, 1024px\" \/><\/figure>\n\n\n\n<figure class=\"wp-block-image size-large\"><img loading=\"lazy\" decoding=\"async\" width=\"1024\" height=\"716\" data-id=\"6087\" src=\"https:\/\/www.wiss.com.pl\/wp-content\/uploads\/2025\/09\/ford_islandia_08-1024x716.jpg\" alt=\"\" class=\"wp-image-6087\" srcset=\"https:\/\/www.wiss.com.pl\/wp-content\/uploads\/2025\/09\/ford_islandia_08-1024x716.jpg 1024w, https:\/\/www.wiss.com.pl\/wp-content\/uploads\/2025\/09\/ford_islandia_08-300x210.jpg 300w, https:\/\/www.wiss.com.pl\/wp-content\/uploads\/2025\/09\/ford_islandia_08-768x537.jpg 768w, https:\/\/www.wiss.com.pl\/wp-content\/uploads\/2025\/09\/ford_islandia_08-1536x1074.jpg 1536w, https:\/\/www.wiss.com.pl\/wp-content\/uploads\/2025\/09\/ford_islandia_08-18x12.jpg 18w, https:\/\/www.wiss.com.pl\/wp-content\/uploads\/2025\/09\/ford_islandia_08-800x559.jpg 800w, https:\/\/www.wiss.com.pl\/wp-content\/uploads\/2025\/09\/ford_islandia_08.jpg 1980w\" sizes=\"(max-width: 1024px) 100vw, 1024px\" \/><\/figure>\n\n\n\n<figure class=\"wp-block-image size-large\"><img loading=\"lazy\" decoding=\"async\" width=\"1024\" height=\"716\" data-id=\"6088\" src=\"https:\/\/www.wiss.com.pl\/wp-content\/uploads\/2025\/09\/ford_islandia_09-1024x716.jpg\" alt=\"\" class=\"wp-image-6088\" srcset=\"https:\/\/www.wiss.com.pl\/wp-content\/uploads\/2025\/09\/ford_islandia_09-1024x716.jpg 1024w, https:\/\/www.wiss.com.pl\/wp-content\/uploads\/2025\/09\/ford_islandia_09-300x210.jpg 300w, https:\/\/www.wiss.com.pl\/wp-content\/uploads\/2025\/09\/ford_islandia_09-768x537.jpg 768w, https:\/\/www.wiss.com.pl\/wp-content\/uploads\/2025\/09\/ford_islandia_09-1536x1074.jpg 1536w, https:\/\/www.wiss.com.pl\/wp-content\/uploads\/2025\/09\/ford_islandia_09-18x12.jpg 18w, https:\/\/www.wiss.com.pl\/wp-content\/uploads\/2025\/09\/ford_islandia_09-800x559.jpg 800w, https:\/\/www.wiss.com.pl\/wp-content\/uploads\/2025\/09\/ford_islandia_09.jpg 1980w\" sizes=\"(max-width: 1024px) 100vw, 1024px\" \/><\/figure>\n\n\n\n<figure class=\"wp-block-image size-large\"><img loading=\"lazy\" decoding=\"async\" width=\"1024\" height=\"716\" data-id=\"6089\" src=\"https:\/\/www.wiss.com.pl\/wp-content\/uploads\/2025\/09\/ford_islandia_10-1024x716.jpg\" alt=\"\" class=\"wp-image-6089\" srcset=\"https:\/\/www.wiss.com.pl\/wp-content\/uploads\/2025\/09\/ford_islandia_10-1024x716.jpg 1024w, https:\/\/www.wiss.com.pl\/wp-content\/uploads\/2025\/09\/ford_islandia_10-300x210.jpg 300w, https:\/\/www.wiss.com.pl\/wp-content\/uploads\/2025\/09\/ford_islandia_10-768x537.jpg 768w, https:\/\/www.wiss.com.pl\/wp-content\/uploads\/2025\/09\/ford_islandia_10-1536x1074.jpg 1536w, https:\/\/www.wiss.com.pl\/wp-content\/uploads\/2025\/09\/ford_islandia_10-18x12.jpg 18w, https:\/\/www.wiss.com.pl\/wp-content\/uploads\/2025\/09\/ford_islandia_10-800x559.jpg 800w, https:\/\/www.wiss.com.pl\/wp-content\/uploads\/2025\/09\/ford_islandia_10.jpg 1980w\" sizes=\"(max-width: 1024px) 100vw, 1024px\" \/><\/figure>\n\n\n\n<figure class=\"wp-block-image size-large\"><img loading=\"lazy\" decoding=\"async\" width=\"1024\" height=\"716\" data-id=\"6090\" src=\"https:\/\/www.wiss.com.pl\/wp-content\/uploads\/2025\/09\/ford_islandia_11-1024x716.jpg\" alt=\"\" class=\"wp-image-6090\" srcset=\"https:\/\/www.wiss.com.pl\/wp-content\/uploads\/2025\/09\/ford_islandia_11-1024x716.jpg 1024w, https:\/\/www.wiss.com.pl\/wp-content\/uploads\/2025\/09\/ford_islandia_11-300x210.jpg 300w, https:\/\/www.wiss.com.pl\/wp-content\/uploads\/2025\/09\/ford_islandia_11-768x537.jpg 768w, https:\/\/www.wiss.com.pl\/wp-content\/uploads\/2025\/09\/ford_islandia_11-1536x1074.jpg 1536w, https:\/\/www.wiss.com.pl\/wp-content\/uploads\/2025\/09\/ford_islandia_11-18x12.jpg 18w, https:\/\/www.wiss.com.pl\/wp-content\/uploads\/2025\/09\/ford_islandia_11-800x559.jpg 800w, https:\/\/www.wiss.com.pl\/wp-content\/uploads\/2025\/09\/ford_islandia_11.jpg 1980w\" sizes=\"(max-width: 1024px) 100vw, 1024px\" \/><\/figure>\n<\/figure>","protected":false},"excerpt":{"rendered":"<p>W porcie lotniczym w Reykjav\u00edku \u2013 stolicy Islandii \u2013 oficjalnie przekazali\u015bmy cztery \u015brednie lotniskowe samochody ratowniczo-ga\u015bnicze Ford F-550. Pojazdy b\u0119d\u0105 dzia\u0142a\u0107 w portach lotniczych: Hornafj\u00f6r\u00f0urflugv\u00f6llur, B\u00edldudalsflugv\u00f6llur, Gj\u00f6gurflugv\u00f6llur oraz Gr\u00edmseyjarflugv\u00f6llur. Ka\u017cdy samoch\u00f3d wyposa\u017cony jest w nap\u0119d 4&#215;4 i 3-osobow\u0105 kabin\u0119, 5 skrytek sprz\u0119towych, zbiornik wody o pojemno\u015bci 2400 l, autopomp\u0119 o wydajno\u015bci 2000 l\/min przy ci\u015bnieniu [&hellip;]<\/p>\n","protected":false},"author":2,"featured_media":0,"comment_status":"open","ping_status":"open","sticky":false,"template":"","format":"standard","meta":{"_acf_changed":false,"footnotes":""},"categories":[1],"tags":[],"class_list":["post-6078","post","type-post","status-publish","format-standard","hentry","category-bez-kategorii"],"acf":[],"yoast_head":"<!-- This site is optimized with the Yoast SEO plugin v27.4 - https:\/\/yoast.com\/product\/yoast-seo-wordpress\/ -->\n<title>CZTERY FORDY F-550 DLA ISLANDZKICH PORT\u00d3W LOTNICZYCH - WISS<\/title>\n<meta name=\"robots\" content=\"index, follow, max-snippet:-1, max-image-preview:large, max-video-preview:-1\" \/>\n<link rel=\"canonical\" href=\"https:\/\/www.wiss.com.pl\/en\/cztery-fordy-f-550-dla-islandzkich-portow-lotniczych\/\" \/>\n<meta property=\"og:locale\" content=\"en_US\" \/>\n<meta property=\"og:type\" content=\"article\" \/>\n<meta property=\"og:title\" content=\"CZTERY FORDY F-550 DLA ISLANDZKICH PORT\u00d3W LOTNICZYCH - WISS\" \/>\n<meta property=\"og:description\" content=\"W porcie lotniczym w Reykjav\u00edku \u2013 stolicy Islandii \u2013 oficjalnie przekazali\u015bmy cztery \u015brednie lotniskowe samochody ratowniczo-ga\u015bnicze Ford F-550. Pojazdy b\u0119d\u0105 dzia\u0142a\u0107 w portach lotniczych: Hornafj\u00f6r\u00f0urflugv\u00f6llur, B\u00edldudalsflugv\u00f6llur, Gj\u00f6gurflugv\u00f6llur oraz Gr\u00edmseyjarflugv\u00f6llur. Ka\u017cdy samoch\u00f3d wyposa\u017cony jest w nap\u0119d 4&#215;4 i 3-osobow\u0105 kabin\u0119, 5 skrytek sprz\u0119towych, zbiornik wody o pojemno\u015bci 2400 l, autopomp\u0119 o wydajno\u015bci 2000 l\/min przy ci\u015bnieniu [&hellip;]\" \/>\n<meta property=\"og:url\" content=\"https:\/\/www.wiss.com.pl\/en\/cztery-fordy-f-550-dla-islandzkich-portow-lotniczych\/\" \/>\n<meta property=\"og:site_name\" content=\"WISS\" \/>\n<meta property=\"article:publisher\" content=\"https:\/\/www.facebook.com\/ISSwawrzaszek\/\" \/>\n<meta property=\"article:published_time\" content=\"2025-09-25T11:46:51+00:00\" \/>\n<meta property=\"article:modified_time\" content=\"2025-09-25T11:47:53+00:00\" \/>\n<meta property=\"og:image\" content=\"https:\/\/www.wiss.com.pl\/wp-content\/uploads\/2025\/09\/ford_islandia_01-1024x716.jpg\" \/>\n\t<meta property=\"og:image:width\" content=\"1024\" \/>\n\t<meta property=\"og:image:height\" content=\"716\" \/>\n\t<meta property=\"og:image:type\" content=\"image\/jpeg\" \/>\n<meta name=\"author\" content=\"Wiola Walig\u00f3ra\" \/>\n<meta name=\"twitter:card\" content=\"summary_large_image\" \/>\n<meta name=\"twitter:label1\" content=\"Written by\" \/>\n\t<meta name=\"twitter:data1\" content=\"Wiola Walig\u00f3ra\" \/>\n<script type=\"application\/ld+json\" class=\"yoast-schema-graph\">{\"@context\":\"https:\\\/\\\/schema.org\",\"@graph\":[{\"@type\":\"Article\",\"@id\":\"https:\\\/\\\/www.wiss.com.pl\\\/cztery-fordy-f-550-dla-islandzkich-portow-lotniczych\\\/#article\",\"isPartOf\":{\"@id\":\"https:\\\/\\\/www.wiss.com.pl\\\/cztery-fordy-f-550-dla-islandzkich-portow-lotniczych\\\/\"},\"author\":{\"name\":\"Wiola Walig\u00f3ra\",\"@id\":\"https:\\\/\\\/www.wiss.com.pl\\\/#\\\/schema\\\/person\\\/c5aab92f11c88658ec840fa10b18f44a\"},\"headline\":\"CZTERY FORDY F-550 DLA ISLANDZKICH PORT\u00d3W LOTNICZYCH\",\"datePublished\":\"2025-09-25T11:46:51+00:00\",\"dateModified\":\"2025-09-25T11:47:53+00:00\",\"mainEntityOfPage\":{\"@id\":\"https:\\\/\\\/www.wiss.com.pl\\\/cztery-fordy-f-550-dla-islandzkich-portow-lotniczych\\\/\"},\"wordCount\":90,\"commentCount\":0,\"publisher\":{\"@id\":\"https:\\\/\\\/www.wiss.com.pl\\\/#organization\"},\"image\":{\"@id\":\"https:\\\/\\\/www.wiss.com.pl\\\/cztery-fordy-f-550-dla-islandzkich-portow-lotniczych\\\/#primaryimage\"},\"thumbnailUrl\":\"https:\\\/\\\/www.wiss.com.pl\\\/wp-content\\\/uploads\\\/2025\\\/09\\\/ford_islandia_01-1024x716.jpg\",\"articleSection\":[\"Bez kategorii\"],\"inLanguage\":\"en-US\",\"potentialAction\":[{\"@type\":\"CommentAction\",\"name\":\"Comment\",\"target\":[\"https:\\\/\\\/www.wiss.com.pl\\\/cztery-fordy-f-550-dla-islandzkich-portow-lotniczych\\\/#respond\"]}]},{\"@type\":\"WebPage\",\"@id\":\"https:\\\/\\\/www.wiss.com.pl\\\/cztery-fordy-f-550-dla-islandzkich-portow-lotniczych\\\/\",\"url\":\"https:\\\/\\\/www.wiss.com.pl\\\/cztery-fordy-f-550-dla-islandzkich-portow-lotniczych\\\/\",\"name\":\"CZTERY FORDY F-550 DLA ISLANDZKICH PORT\u00d3W LOTNICZYCH - WISS\",\"isPartOf\":{\"@id\":\"https:\\\/\\\/www.wiss.com.pl\\\/#website\"},\"primaryImageOfPage\":{\"@id\":\"https:\\\/\\\/www.wiss.com.pl\\\/cztery-fordy-f-550-dla-islandzkich-portow-lotniczych\\\/#primaryimage\"},\"image\":{\"@id\":\"https:\\\/\\\/www.wiss.com.pl\\\/cztery-fordy-f-550-dla-islandzkich-portow-lotniczych\\\/#primaryimage\"},\"thumbnailUrl\":\"https:\\\/\\\/www.wiss.com.pl\\\/wp-content\\\/uploads\\\/2025\\\/09\\\/ford_islandia_01-1024x716.jpg\",\"datePublished\":\"2025-09-25T11:46:51+00:00\",\"dateModified\":\"2025-09-25T11:47:53+00:00\",\"breadcrumb\":{\"@id\":\"https:\\\/\\\/www.wiss.com.pl\\\/cztery-fordy-f-550-dla-islandzkich-portow-lotniczych\\\/#breadcrumb\"},\"inLanguage\":\"en-US\",\"potentialAction\":[{\"@type\":\"ReadAction\",\"target\":[\"https:\\\/\\\/www.wiss.com.pl\\\/cztery-fordy-f-550-dla-islandzkich-portow-lotniczych\\\/\"]}]},{\"@type\":\"ImageObject\",\"inLanguage\":\"en-US\",\"@id\":\"https:\\\/\\\/www.wiss.com.pl\\\/cztery-fordy-f-550-dla-islandzkich-portow-lotniczych\\\/#primaryimage\",\"url\":\"https:\\\/\\\/www.wiss.com.pl\\\/wp-content\\\/uploads\\\/2025\\\/09\\\/ford_islandia_01-1024x716.jpg\",\"contentUrl\":\"https:\\\/\\\/www.wiss.com.pl\\\/wp-content\\\/uploads\\\/2025\\\/09\\\/ford_islandia_01-1024x716.jpg\"},{\"@type\":\"BreadcrumbList\",\"@id\":\"https:\\\/\\\/www.wiss.com.pl\\\/cztery-fordy-f-550-dla-islandzkich-portow-lotniczych\\\/#breadcrumb\",\"itemListElement\":[{\"@type\":\"ListItem\",\"position\":1,\"name\":\"Strona g\u0142\u00f3wna\",\"item\":\"https:\\\/\\\/www.wiss.com.pl\\\/\"},{\"@type\":\"ListItem\",\"position\":2,\"name\":\"CZTERY FORDY F-550 DLA ISLANDZKICH PORT\u00d3W LOTNICZYCH\"}]},{\"@type\":\"WebSite\",\"@id\":\"https:\\\/\\\/www.wiss.com.pl\\\/#website\",\"url\":\"https:\\\/\\\/www.wiss.com.pl\\\/\",\"name\":\"WISS Samochody Specjalne\",\"description\":\"Czo\u0142owy producent samochod\u00f3w po\u017carniczych w Polsce i Europie. Samochody przeznaczone dla s\u0142u\u017cb mundurowych, takich jak: stra\u017c po\u017carna, wojsko i policja.\",\"publisher\":{\"@id\":\"https:\\\/\\\/www.wiss.com.pl\\\/#organization\"},\"potentialAction\":[{\"@type\":\"SearchAction\",\"target\":{\"@type\":\"EntryPoint\",\"urlTemplate\":\"https:\\\/\\\/www.wiss.com.pl\\\/?s={search_term_string}\"},\"query-input\":{\"@type\":\"PropertyValueSpecification\",\"valueRequired\":true,\"valueName\":\"search_term_string\"}}],\"inLanguage\":\"en-US\"},{\"@type\":\"Organization\",\"@id\":\"https:\\\/\\\/www.wiss.com.pl\\\/#organization\",\"name\":\"WISS Samochody Specjalne\",\"url\":\"https:\\\/\\\/www.wiss.com.pl\\\/\",\"logo\":{\"@type\":\"ImageObject\",\"inLanguage\":\"en-US\",\"@id\":\"https:\\\/\\\/www.wiss.com.pl\\\/#\\\/schema\\\/logo\\\/image\\\/\",\"url\":\"https:\\\/\\\/www.wiss.com.pl\\\/wp-content\\\/uploads\\\/2025\\\/01\\\/logo_bezpieczenstwo6-1.jpg\",\"contentUrl\":\"https:\\\/\\\/www.wiss.com.pl\\\/wp-content\\\/uploads\\\/2025\\\/01\\\/logo_bezpieczenstwo6-1.jpg\",\"width\":1450,\"height\":407,\"caption\":\"WISS Samochody Specjalne\"},\"image\":{\"@id\":\"https:\\\/\\\/www.wiss.com.pl\\\/#\\\/schema\\\/logo\\\/image\\\/\"},\"sameAs\":[\"https:\\\/\\\/www.facebook.com\\\/ISSwawrzaszek\\\/\"]},{\"@type\":\"Person\",\"@id\":\"https:\\\/\\\/www.wiss.com.pl\\\/#\\\/schema\\\/person\\\/c5aab92f11c88658ec840fa10b18f44a\",\"name\":\"Wiola Walig\u00f3ra\",\"image\":{\"@type\":\"ImageObject\",\"inLanguage\":\"en-US\",\"@id\":\"https:\\\/\\\/secure.gravatar.com\\\/avatar\\\/cf15fc5e487d691abc57da16be3e277156e7ca3c9e1aae4414992fe708009075?s=96&d=mm&r=g\",\"url\":\"https:\\\/\\\/secure.gravatar.com\\\/avatar\\\/cf15fc5e487d691abc57da16be3e277156e7ca3c9e1aae4414992fe708009075?s=96&d=mm&r=g\",\"contentUrl\":\"https:\\\/\\\/secure.gravatar.com\\\/avatar\\\/cf15fc5e487d691abc57da16be3e277156e7ca3c9e1aae4414992fe708009075?s=96&d=mm&r=g\",\"caption\":\"Wiola Walig\u00f3ra\"},\"sameAs\":[\"https:\\\/\\\/www.wiss.com.pl\\\/_www_wiss_polska\\\/stronanowa\"],\"url\":\"https:\\\/\\\/www.wiss.com.pl\\\/en\\\/author\\\/wwaligora\\\/\"}]}<\/script>\n<!-- \/ Yoast SEO plugin. -->","yoast_head_json":{"title":"CZTERY FORDY F-550 DLA ISLANDZKICH PORT\u00d3W LOTNICZYCH - WISS","robots":{"index":"index","follow":"follow","max-snippet":"max-snippet:-1","max-image-preview":"max-image-preview:large","max-video-preview":"max-video-preview:-1"},"canonical":"https:\/\/www.wiss.com.pl\/en\/cztery-fordy-f-550-dla-islandzkich-portow-lotniczych\/","og_locale":"en_US","og_type":"article","og_title":"CZTERY FORDY F-550 DLA ISLANDZKICH PORT\u00d3W LOTNICZYCH - WISS","og_description":"W porcie lotniczym w Reykjav\u00edku \u2013 stolicy Islandii \u2013 oficjalnie przekazali\u015bmy cztery \u015brednie lotniskowe samochody ratowniczo-ga\u015bnicze Ford F-550. Pojazdy b\u0119d\u0105 dzia\u0142a\u0107 w portach lotniczych: Hornafj\u00f6r\u00f0urflugv\u00f6llur, B\u00edldudalsflugv\u00f6llur, Gj\u00f6gurflugv\u00f6llur oraz Gr\u00edmseyjarflugv\u00f6llur. Ka\u017cdy samoch\u00f3d wyposa\u017cony jest w nap\u0119d 4&#215;4 i 3-osobow\u0105 kabin\u0119, 5 skrytek sprz\u0119towych, zbiornik wody o pojemno\u015bci 2400 l, autopomp\u0119 o wydajno\u015bci 2000 l\/min przy ci\u015bnieniu [&hellip;]","og_url":"https:\/\/www.wiss.com.pl\/en\/cztery-fordy-f-550-dla-islandzkich-portow-lotniczych\/","og_site_name":"WISS","article_publisher":"https:\/\/www.facebook.com\/ISSwawrzaszek\/","article_published_time":"2025-09-25T11:46:51+00:00","article_modified_time":"2025-09-25T11:47:53+00:00","og_image":[{"width":1024,"height":716,"url":"https:\/\/www.wiss.com.pl\/wp-content\/uploads\/2025\/09\/ford_islandia_01-1024x716.jpg","type":"image\/jpeg"}],"author":"Wiola Walig\u00f3ra","twitter_card":"summary_large_image","twitter_misc":{"Written by":"Wiola Walig\u00f3ra"},"schema":{"@context":"https:\/\/schema.org","@graph":[{"@type":"Article","@id":"https:\/\/www.wiss.com.pl\/cztery-fordy-f-550-dla-islandzkich-portow-lotniczych\/#article","isPartOf":{"@id":"https:\/\/www.wiss.com.pl\/cztery-fordy-f-550-dla-islandzkich-portow-lotniczych\/"},"author":{"name":"Wiola Walig\u00f3ra","@id":"https:\/\/www.wiss.com.pl\/#\/schema\/person\/c5aab92f11c88658ec840fa10b18f44a"},"headline":"CZTERY FORDY F-550 DLA ISLANDZKICH PORT\u00d3W LOTNICZYCH","datePublished":"2025-09-25T11:46:51+00:00","dateModified":"2025-09-25T11:47:53+00:00","mainEntityOfPage":{"@id":"https:\/\/www.wiss.com.pl\/cztery-fordy-f-550-dla-islandzkich-portow-lotniczych\/"},"wordCount":90,"commentCount":0,"publisher":{"@id":"https:\/\/www.wiss.com.pl\/#organization"},"image":{"@id":"https:\/\/www.wiss.com.pl\/cztery-fordy-f-550-dla-islandzkich-portow-lotniczych\/#primaryimage"},"thumbnailUrl":"https:\/\/www.wiss.com.pl\/wp-content\/uploads\/2025\/09\/ford_islandia_01-1024x716.jpg","articleSection":["Bez kategorii"],"inLanguage":"en-US","potentialAction":[{"@type":"CommentAction","name":"Comment","target":["https:\/\/www.wiss.com.pl\/cztery-fordy-f-550-dla-islandzkich-portow-lotniczych\/#respond"]}]},{"@type":"WebPage","@id":"https:\/\/www.wiss.com.pl\/cztery-fordy-f-550-dla-islandzkich-portow-lotniczych\/","url":"https:\/\/www.wiss.com.pl\/cztery-fordy-f-550-dla-islandzkich-portow-lotniczych\/","name":"CZTERY FORDY F-550 DLA ISLANDZKICH PORT\u00d3W LOTNICZYCH - WISS","isPartOf":{"@id":"https:\/\/www.wiss.com.pl\/#website"},"primaryImageOfPage":{"@id":"https:\/\/www.wiss.com.pl\/cztery-fordy-f-550-dla-islandzkich-portow-lotniczych\/#primaryimage"},"image":{"@id":"https:\/\/www.wiss.com.pl\/cztery-fordy-f-550-dla-islandzkich-portow-lotniczych\/#primaryimage"},"thumbnailUrl":"https:\/\/www.wiss.com.pl\/wp-content\/uploads\/2025\/09\/ford_islandia_01-1024x716.jpg","datePublished":"2025-09-25T11:46:51+00:00","dateModified":"2025-09-25T11:47:53+00:00","breadcrumb":{"@id":"https:\/\/www.wiss.com.pl\/cztery-fordy-f-550-dla-islandzkich-portow-lotniczych\/#breadcrumb"},"inLanguage":"en-US","potentialAction":[{"@type":"ReadAction","target":["https:\/\/www.wiss.com.pl\/cztery-fordy-f-550-dla-islandzkich-portow-lotniczych\/"]}]},{"@type":"ImageObject","inLanguage":"en-US","@id":"https:\/\/www.wiss.com.pl\/cztery-fordy-f-550-dla-islandzkich-portow-lotniczych\/#primaryimage","url":"https:\/\/www.wiss.com.pl\/wp-content\/uploads\/2025\/09\/ford_islandia_01-1024x716.jpg","contentUrl":"https:\/\/www.wiss.com.pl\/wp-content\/uploads\/2025\/09\/ford_islandia_01-1024x716.jpg"},{"@type":"BreadcrumbList","@id":"https:\/\/www.wiss.com.pl\/cztery-fordy-f-550-dla-islandzkich-portow-lotniczych\/#breadcrumb","itemListElement":[{"@type":"ListItem","position":1,"name":"Strona g\u0142\u00f3wna","item":"https:\/\/www.wiss.com.pl\/"},{"@type":"ListItem","position":2,"name":"CZTERY FORDY F-550 DLA ISLANDZKICH PORT\u00d3W LOTNICZYCH"}]},{"@type":"WebSite","@id":"https:\/\/www.wiss.com.pl\/#website","url":"https:\/\/www.wiss.com.pl\/","name":"WISS Samochody Specjalne","description":"Czo\u0142owy producent samochod\u00f3w po\u017carniczych w Polsce i Europie. Samochody przeznaczone dla s\u0142u\u017cb mundurowych, takich jak: stra\u017c po\u017carna, wojsko i policja.","publisher":{"@id":"https:\/\/www.wiss.com.pl\/#organization"},"potentialAction":[{"@type":"SearchAction","target":{"@type":"EntryPoint","urlTemplate":"https:\/\/www.wiss.com.pl\/?s={search_term_string}"},"query-input":{"@type":"PropertyValueSpecification","valueRequired":true,"valueName":"search_term_string"}}],"inLanguage":"en-US"},{"@type":"Organization","@id":"https:\/\/www.wiss.com.pl\/#organization","name":"WISS Samochody Specjalne","url":"https:\/\/www.wiss.com.pl\/","logo":{"@type":"ImageObject","inLanguage":"en-US","@id":"https:\/\/www.wiss.com.pl\/#\/schema\/logo\/image\/","url":"https:\/\/www.wiss.com.pl\/wp-content\/uploads\/2025\/01\/logo_bezpieczenstwo6-1.jpg","contentUrl":"https:\/\/www.wiss.com.pl\/wp-content\/uploads\/2025\/01\/logo_bezpieczenstwo6-1.jpg","width":1450,"height":407,"caption":"WISS Samochody Specjalne"},"image":{"@id":"https:\/\/www.wiss.com.pl\/#\/schema\/logo\/image\/"},"sameAs":["https:\/\/www.facebook.com\/ISSwawrzaszek\/"]},{"@type":"Person","@id":"https:\/\/www.wiss.com.pl\/#\/schema\/person\/c5aab92f11c88658ec840fa10b18f44a","name":"Wiola Walig\u00f3ra","image":{"@type":"ImageObject","inLanguage":"en-US","@id":"https:\/\/secure.gravatar.com\/avatar\/cf15fc5e487d691abc57da16be3e277156e7ca3c9e1aae4414992fe708009075?s=96&d=mm&r=g","url":"https:\/\/secure.gravatar.com\/avatar\/cf15fc5e487d691abc57da16be3e277156e7ca3c9e1aae4414992fe708009075?s=96&d=mm&r=g","contentUrl":"https:\/\/secure.gravatar.com\/avatar\/cf15fc5e487d691abc57da16be3e277156e7ca3c9e1aae4414992fe708009075?s=96&d=mm&r=g","caption":"Wiola Walig\u00f3ra"},"sameAs":["https:\/\/www.wiss.com.pl\/_www_wiss_polska\/stronanowa"],"url":"https:\/\/www.wiss.com.pl\/en\/author\/wwaligora\/"}]}},"_links":{"self":[{"href":"https:\/\/www.wiss.com.pl\/en\/wp-json\/wp\/v2\/posts\/6078","targetHints":{"allow":["GET"]}}],"collection":[{"href":"https:\/\/www.wiss.com.pl\/en\/wp-json\/wp\/v2\/posts"}],"about":[{"href":"https:\/\/www.wiss.com.pl\/en\/wp-json\/wp\/v2\/types\/post"}],"author":[{"embeddable":true,"href":"https:\/\/www.wiss.com.pl\/en\/wp-json\/wp\/v2\/users\/2"}],"replies":[{"embeddable":true,"href":"https:\/\/www.wiss.com.pl\/en\/wp-json\/wp\/v2\/comments?post=6078"}],"version-history":[{"count":3,"href":"https:\/\/www.wiss.com.pl\/en\/wp-json\/wp\/v2\/posts\/6078\/revisions"}],"predecessor-version":[{"id":6094,"href":"https:\/\/www.wiss.com.pl\/en\/wp-json\/wp\/v2\/posts\/6078\/revisions\/6094"}],"wp:attachment":[{"href":"https:\/\/www.wiss.com.pl\/en\/wp-json\/wp\/v2\/media?parent=6078"}],"wp:term":[{"taxonomy":"category","embeddable":true,"href":"https:\/\/www.wiss.com.pl\/en\/wp-json\/wp\/v2\/categories?post=6078"},{"taxonomy":"post_tag","embeddable":true,"href":"https:\/\/www.wiss.com.pl\/en\/wp-json\/wp\/v2\/tags?post=6078"}],"curies":[{"name":"wp","href":"https:\/\/api.w.org\/{rel}","templated":true}]}}