{"id":6030,"date":"2025-08-25T12:38:51","date_gmt":"2025-08-25T10:38:51","guid":{"rendered":"https:\/\/www.wiss.com.pl\/?p=6030"},"modified":"2025-09-01T14:53:32","modified_gmt":"2025-09-01T12:53:32","slug":"mspo-2025-w-kielcach-zapraszamy-na-stoisko-wiss-defence","status":"publish","type":"post","link":"https:\/\/www.wiss.com.pl\/en\/mspo-2025-w-kielcach-zapraszamy-na-stoisko-wiss-defence\/","title":{"rendered":"MSPO 2025 W KIELCACH &#8211; ZAPRASZAMY NA STOISKO WISS DEFENCE"},"content":{"rendered":"<p class=\"has-text-align-left\"><strong>Zapraszamy na XXXIII Mi\u0119dzynarodowy Salon Przemys\u0142u Obronnego (MSPO) w Kielcach!<\/strong><\/p>\n\n\n\n<p class=\"has-text-align-left\">B\u0119dziemy obecni w ramach projektu <strong>WISS Defence<\/strong>, prezentuj\u0105c nasze najnowsze rozwi\u0105zania dla sektora bezpiecze\u0144stwa i obronno\u015bci.<\/p>\n\n\n\n<p class=\"has-text-align-left\"><strong>Targi Kielce, 2-5 wrze\u015bnia 2025<\/strong> &#8211; do zobaczenia!<\/p>\n\n\n\n<figure class=\"wp-block-image size-large\"><img fetchpriority=\"high\" decoding=\"async\" width=\"1024\" height=\"550\" src=\"https:\/\/www.wiss.com.pl\/wp-content\/uploads\/2025\/08\/MSPO_2025_zaproszenie_WISS-1024x550.jpg\" alt=\"\" class=\"wp-image-6031\" srcset=\"https:\/\/www.wiss.com.pl\/wp-content\/uploads\/2025\/08\/MSPO_2025_zaproszenie_WISS-1024x550.jpg 1024w, https:\/\/www.wiss.com.pl\/wp-content\/uploads\/2025\/08\/MSPO_2025_zaproszenie_WISS-300x161.jpg 300w, https:\/\/www.wiss.com.pl\/wp-content\/uploads\/2025\/08\/MSPO_2025_zaproszenie_WISS-768x412.jpg 768w, https:\/\/www.wiss.com.pl\/wp-content\/uploads\/2025\/08\/MSPO_2025_zaproszenie_WISS-1536x825.jpg 1536w, https:\/\/www.wiss.com.pl\/wp-content\/uploads\/2025\/08\/MSPO_2025_zaproszenie_WISS-18x10.jpg 18w, https:\/\/www.wiss.com.pl\/wp-content\/uploads\/2025\/08\/MSPO_2025_zaproszenie_WISS-800x429.jpg 800w, https:\/\/www.wiss.com.pl\/wp-content\/uploads\/2025\/08\/MSPO_2025_zaproszenie_WISS.jpg 1980w\" sizes=\"(max-width: 1024px) 100vw, 1024px\" \/><\/figure>\n\n\n\n<figure class=\"wp-block-image size-large\"><img decoding=\"async\" width=\"944\" height=\"1024\" src=\"https:\/\/www.wiss.com.pl\/wp-content\/uploads\/2025\/08\/MSPO_2025_WISS_stoisko-944x1024.png\" alt=\"\" class=\"wp-image-6054\" srcset=\"https:\/\/www.wiss.com.pl\/wp-content\/uploads\/2025\/08\/MSPO_2025_WISS_stoisko-944x1024.png 944w, https:\/\/www.wiss.com.pl\/wp-content\/uploads\/2025\/08\/MSPO_2025_WISS_stoisko-277x300.png 277w, https:\/\/www.wiss.com.pl\/wp-content\/uploads\/2025\/08\/MSPO_2025_WISS_stoisko-768x833.png 768w, https:\/\/www.wiss.com.pl\/wp-content\/uploads\/2025\/08\/MSPO_2025_WISS_stoisko-1416x1536.png 1416w, https:\/\/www.wiss.com.pl\/wp-content\/uploads\/2025\/08\/MSPO_2025_WISS_stoisko-11x12.png 11w, https:\/\/www.wiss.com.pl\/wp-content\/uploads\/2025\/08\/MSPO_2025_WISS_stoisko-800x868.png 800w, https:\/\/www.wiss.com.pl\/wp-content\/uploads\/2025\/08\/MSPO_2025_WISS_stoisko.png 1654w\" sizes=\"(max-width: 944px) 100vw, 944px\" \/><\/figure>","protected":false},"excerpt":{"rendered":"<p>Zapraszamy na XXXIII Mi\u0119dzynarodowy Salon Przemys\u0142u Obronnego (MSPO) w Kielcach! B\u0119dziemy obecni w ramach projektu WISS Defence, prezentuj\u0105c nasze najnowsze rozwi\u0105zania dla sektora bezpiecze\u0144stwa i obronno\u015bci. Targi Kielce, 2-5 wrze\u015bnia 2025 &#8211; do zobaczenia!<\/p>","protected":false},"author":2,"featured_media":0,"comment_status":"open","ping_status":"open","sticky":false,"template":"","format":"standard","meta":{"_acf_changed":false,"footnotes":""},"categories":[1],"tags":[],"class_list":["post-6030","post","type-post","status-publish","format-standard","hentry","category-bez-kategorii"],"acf":[],"yoast_head":"<!-- This site is optimized with the Yoast SEO plugin v27.4 - https:\/\/yoast.com\/product\/yoast-seo-wordpress\/ -->\n<title>MSPO 2025 W KIELCACH - ZAPRASZAMY NA STOISKO WISS DEFENCE - WISS<\/title>\n<meta name=\"robots\" content=\"index, follow, max-snippet:-1, max-image-preview:large, max-video-preview:-1\" \/>\n<link rel=\"canonical\" href=\"https:\/\/www.wiss.com.pl\/en\/mspo-2025-w-kielcach-zapraszamy-na-stoisko-wiss-defence\/\" \/>\n<meta property=\"og:locale\" content=\"en_US\" \/>\n<meta property=\"og:type\" content=\"article\" \/>\n<meta property=\"og:title\" content=\"MSPO 2025 W KIELCACH - ZAPRASZAMY NA STOISKO WISS DEFENCE - WISS\" \/>\n<meta property=\"og:description\" content=\"Zapraszamy na XXXIII Mi\u0119dzynarodowy Salon Przemys\u0142u Obronnego (MSPO) w Kielcach! B\u0119dziemy obecni w ramach projektu WISS Defence, prezentuj\u0105c nasze najnowsze rozwi\u0105zania dla sektora bezpiecze\u0144stwa i obronno\u015bci. Targi Kielce, 2-5 wrze\u015bnia 2025 &#8211; do zobaczenia!\" \/>\n<meta property=\"og:url\" content=\"https:\/\/www.wiss.com.pl\/en\/mspo-2025-w-kielcach-zapraszamy-na-stoisko-wiss-defence\/\" \/>\n<meta property=\"og:site_name\" content=\"WISS\" \/>\n<meta property=\"article:publisher\" content=\"https:\/\/www.facebook.com\/ISSwawrzaszek\/\" \/>\n<meta property=\"article:published_time\" content=\"2025-08-25T10:38:51+00:00\" \/>\n<meta property=\"article:modified_time\" content=\"2025-09-01T12:53:32+00:00\" \/>\n<meta property=\"og:image\" content=\"https:\/\/www.wiss.com.pl\/wp-content\/uploads\/2025\/08\/MSPO_2025_zaproszenie_WISS.jpg\" \/>\n\t<meta property=\"og:image:width\" content=\"1980\" \/>\n\t<meta property=\"og:image:height\" content=\"1063\" \/>\n\t<meta property=\"og:image:type\" content=\"image\/jpeg\" \/>\n<meta name=\"author\" content=\"Wiola Walig\u00f3ra\" \/>\n<meta name=\"twitter:card\" content=\"summary_large_image\" \/>\n<meta name=\"twitter:label1\" content=\"Written by\" \/>\n\t<meta name=\"twitter:data1\" content=\"Wiola Walig\u00f3ra\" \/>\n<script type=\"application\/ld+json\" class=\"yoast-schema-graph\">{\"@context\":\"https:\\\/\\\/schema.org\",\"@graph\":[{\"@type\":\"Article\",\"@id\":\"https:\\\/\\\/www.wiss.com.pl\\\/mspo-2025-w-kielcach-zapraszamy-na-stoisko-wiss-defence\\\/#article\",\"isPartOf\":{\"@id\":\"https:\\\/\\\/www.wiss.com.pl\\\/mspo-2025-w-kielcach-zapraszamy-na-stoisko-wiss-defence\\\/\"},\"author\":{\"name\":\"Wiola Walig\u00f3ra\",\"@id\":\"https:\\\/\\\/www.wiss.com.pl\\\/#\\\/schema\\\/person\\\/c5aab92f11c88658ec840fa10b18f44a\"},\"headline\":\"MSPO 2025 W KIELCACH &#8211; ZAPRASZAMY NA STOISKO WISS DEFENCE\",\"datePublished\":\"2025-08-25T10:38:51+00:00\",\"dateModified\":\"2025-09-01T12:53:32+00:00\",\"mainEntityOfPage\":{\"@id\":\"https:\\\/\\\/www.wiss.com.pl\\\/mspo-2025-w-kielcach-zapraszamy-na-stoisko-wiss-defence\\\/\"},\"wordCount\":50,\"commentCount\":0,\"publisher\":{\"@id\":\"https:\\\/\\\/www.wiss.com.pl\\\/#organization\"},\"image\":{\"@id\":\"https:\\\/\\\/www.wiss.com.pl\\\/mspo-2025-w-kielcach-zapraszamy-na-stoisko-wiss-defence\\\/#primaryimage\"},\"thumbnailUrl\":\"https:\\\/\\\/www.wiss.com.pl\\\/wp-content\\\/uploads\\\/2025\\\/08\\\/MSPO_2025_zaproszenie_WISS-1024x550.jpg\",\"articleSection\":[\"Bez kategorii\"],\"inLanguage\":\"en-US\",\"potentialAction\":[{\"@type\":\"CommentAction\",\"name\":\"Comment\",\"target\":[\"https:\\\/\\\/www.wiss.com.pl\\\/mspo-2025-w-kielcach-zapraszamy-na-stoisko-wiss-defence\\\/#respond\"]}]},{\"@type\":\"WebPage\",\"@id\":\"https:\\\/\\\/www.wiss.com.pl\\\/mspo-2025-w-kielcach-zapraszamy-na-stoisko-wiss-defence\\\/\",\"url\":\"https:\\\/\\\/www.wiss.com.pl\\\/mspo-2025-w-kielcach-zapraszamy-na-stoisko-wiss-defence\\\/\",\"name\":\"MSPO 2025 W KIELCACH - ZAPRASZAMY NA STOISKO WISS DEFENCE - WISS\",\"isPartOf\":{\"@id\":\"https:\\\/\\\/www.wiss.com.pl\\\/#website\"},\"primaryImageOfPage\":{\"@id\":\"https:\\\/\\\/www.wiss.com.pl\\\/mspo-2025-w-kielcach-zapraszamy-na-stoisko-wiss-defence\\\/#primaryimage\"},\"image\":{\"@id\":\"https:\\\/\\\/www.wiss.com.pl\\\/mspo-2025-w-kielcach-zapraszamy-na-stoisko-wiss-defence\\\/#primaryimage\"},\"thumbnailUrl\":\"https:\\\/\\\/www.wiss.com.pl\\\/wp-content\\\/uploads\\\/2025\\\/08\\\/MSPO_2025_zaproszenie_WISS-1024x550.jpg\",\"datePublished\":\"2025-08-25T10:38:51+00:00\",\"dateModified\":\"2025-09-01T12:53:32+00:00\",\"breadcrumb\":{\"@id\":\"https:\\\/\\\/www.wiss.com.pl\\\/mspo-2025-w-kielcach-zapraszamy-na-stoisko-wiss-defence\\\/#breadcrumb\"},\"inLanguage\":\"en-US\",\"potentialAction\":[{\"@type\":\"ReadAction\",\"target\":[\"https:\\\/\\\/www.wiss.com.pl\\\/mspo-2025-w-kielcach-zapraszamy-na-stoisko-wiss-defence\\\/\"]}]},{\"@type\":\"ImageObject\",\"inLanguage\":\"en-US\",\"@id\":\"https:\\\/\\\/www.wiss.com.pl\\\/mspo-2025-w-kielcach-zapraszamy-na-stoisko-wiss-defence\\\/#primaryimage\",\"url\":\"https:\\\/\\\/www.wiss.com.pl\\\/wp-content\\\/uploads\\\/2025\\\/08\\\/MSPO_2025_zaproszenie_WISS-1024x550.jpg\",\"contentUrl\":\"https:\\\/\\\/www.wiss.com.pl\\\/wp-content\\\/uploads\\\/2025\\\/08\\\/MSPO_2025_zaproszenie_WISS-1024x550.jpg\"},{\"@type\":\"BreadcrumbList\",\"@id\":\"https:\\\/\\\/www.wiss.com.pl\\\/mspo-2025-w-kielcach-zapraszamy-na-stoisko-wiss-defence\\\/#breadcrumb\",\"itemListElement\":[{\"@type\":\"ListItem\",\"position\":1,\"name\":\"Strona g\u0142\u00f3wna\",\"item\":\"https:\\\/\\\/www.wiss.com.pl\\\/\"},{\"@type\":\"ListItem\",\"position\":2,\"name\":\"MSPO 2025 W KIELCACH &#8211; ZAPRASZAMY NA STOISKO WISS DEFENCE\"}]},{\"@type\":\"WebSite\",\"@id\":\"https:\\\/\\\/www.wiss.com.pl\\\/#website\",\"url\":\"https:\\\/\\\/www.wiss.com.pl\\\/\",\"name\":\"WISS Samochody Specjalne\",\"description\":\"Czo\u0142owy producent samochod\u00f3w po\u017carniczych w Polsce i Europie. Samochody przeznaczone dla s\u0142u\u017cb mundurowych, takich jak: stra\u017c po\u017carna, wojsko i policja.\",\"publisher\":{\"@id\":\"https:\\\/\\\/www.wiss.com.pl\\\/#organization\"},\"potentialAction\":[{\"@type\":\"SearchAction\",\"target\":{\"@type\":\"EntryPoint\",\"urlTemplate\":\"https:\\\/\\\/www.wiss.com.pl\\\/?s={search_term_string}\"},\"query-input\":{\"@type\":\"PropertyValueSpecification\",\"valueRequired\":true,\"valueName\":\"search_term_string\"}}],\"inLanguage\":\"en-US\"},{\"@type\":\"Organization\",\"@id\":\"https:\\\/\\\/www.wiss.com.pl\\\/#organization\",\"name\":\"WISS Samochody Specjalne\",\"url\":\"https:\\\/\\\/www.wiss.com.pl\\\/\",\"logo\":{\"@type\":\"ImageObject\",\"inLanguage\":\"en-US\",\"@id\":\"https:\\\/\\\/www.wiss.com.pl\\\/#\\\/schema\\\/logo\\\/image\\\/\",\"url\":\"https:\\\/\\\/www.wiss.com.pl\\\/wp-content\\\/uploads\\\/2025\\\/01\\\/logo_bezpieczenstwo6-1.jpg\",\"contentUrl\":\"https:\\\/\\\/www.wiss.com.pl\\\/wp-content\\\/uploads\\\/2025\\\/01\\\/logo_bezpieczenstwo6-1.jpg\",\"width\":1450,\"height\":407,\"caption\":\"WISS Samochody Specjalne\"},\"image\":{\"@id\":\"https:\\\/\\\/www.wiss.com.pl\\\/#\\\/schema\\\/logo\\\/image\\\/\"},\"sameAs\":[\"https:\\\/\\\/www.facebook.com\\\/ISSwawrzaszek\\\/\"]},{\"@type\":\"Person\",\"@id\":\"https:\\\/\\\/www.wiss.com.pl\\\/#\\\/schema\\\/person\\\/c5aab92f11c88658ec840fa10b18f44a\",\"name\":\"Wiola Walig\u00f3ra\",\"image\":{\"@type\":\"ImageObject\",\"inLanguage\":\"en-US\",\"@id\":\"https:\\\/\\\/secure.gravatar.com\\\/avatar\\\/cf15fc5e487d691abc57da16be3e277156e7ca3c9e1aae4414992fe708009075?s=96&d=mm&r=g\",\"url\":\"https:\\\/\\\/secure.gravatar.com\\\/avatar\\\/cf15fc5e487d691abc57da16be3e277156e7ca3c9e1aae4414992fe708009075?s=96&d=mm&r=g\",\"contentUrl\":\"https:\\\/\\\/secure.gravatar.com\\\/avatar\\\/cf15fc5e487d691abc57da16be3e277156e7ca3c9e1aae4414992fe708009075?s=96&d=mm&r=g\",\"caption\":\"Wiola Walig\u00f3ra\"},\"sameAs\":[\"https:\\\/\\\/www.wiss.com.pl\\\/_www_wiss_polska\\\/stronanowa\"],\"url\":\"https:\\\/\\\/www.wiss.com.pl\\\/en\\\/author\\\/wwaligora\\\/\"}]}<\/script>\n<!-- \/ Yoast SEO plugin. -->","yoast_head_json":{"title":"MSPO 2025 W KIELCACH - ZAPRASZAMY NA STOISKO WISS DEFENCE - WISS","robots":{"index":"index","follow":"follow","max-snippet":"max-snippet:-1","max-image-preview":"max-image-preview:large","max-video-preview":"max-video-preview:-1"},"canonical":"https:\/\/www.wiss.com.pl\/en\/mspo-2025-w-kielcach-zapraszamy-na-stoisko-wiss-defence\/","og_locale":"en_US","og_type":"article","og_title":"MSPO 2025 W KIELCACH - ZAPRASZAMY NA STOISKO WISS DEFENCE - WISS","og_description":"Zapraszamy na XXXIII Mi\u0119dzynarodowy Salon Przemys\u0142u Obronnego (MSPO) w Kielcach! B\u0119dziemy obecni w ramach projektu WISS Defence, prezentuj\u0105c nasze najnowsze rozwi\u0105zania dla sektora bezpiecze\u0144stwa i obronno\u015bci. Targi Kielce, 2-5 wrze\u015bnia 2025 &#8211; do zobaczenia!","og_url":"https:\/\/www.wiss.com.pl\/en\/mspo-2025-w-kielcach-zapraszamy-na-stoisko-wiss-defence\/","og_site_name":"WISS","article_publisher":"https:\/\/www.facebook.com\/ISSwawrzaszek\/","article_published_time":"2025-08-25T10:38:51+00:00","article_modified_time":"2025-09-01T12:53:32+00:00","og_image":[{"width":1980,"height":1063,"url":"https:\/\/www.wiss.com.pl\/wp-content\/uploads\/2025\/08\/MSPO_2025_zaproszenie_WISS.jpg","type":"image\/jpeg"}],"author":"Wiola Walig\u00f3ra","twitter_card":"summary_large_image","twitter_misc":{"Written by":"Wiola Walig\u00f3ra"},"schema":{"@context":"https:\/\/schema.org","@graph":[{"@type":"Article","@id":"https:\/\/www.wiss.com.pl\/mspo-2025-w-kielcach-zapraszamy-na-stoisko-wiss-defence\/#article","isPartOf":{"@id":"https:\/\/www.wiss.com.pl\/mspo-2025-w-kielcach-zapraszamy-na-stoisko-wiss-defence\/"},"author":{"name":"Wiola Walig\u00f3ra","@id":"https:\/\/www.wiss.com.pl\/#\/schema\/person\/c5aab92f11c88658ec840fa10b18f44a"},"headline":"MSPO 2025 W KIELCACH &#8211; ZAPRASZAMY NA STOISKO WISS DEFENCE","datePublished":"2025-08-25T10:38:51+00:00","dateModified":"2025-09-01T12:53:32+00:00","mainEntityOfPage":{"@id":"https:\/\/www.wiss.com.pl\/mspo-2025-w-kielcach-zapraszamy-na-stoisko-wiss-defence\/"},"wordCount":50,"commentCount":0,"publisher":{"@id":"https:\/\/www.wiss.com.pl\/#organization"},"image":{"@id":"https:\/\/www.wiss.com.pl\/mspo-2025-w-kielcach-zapraszamy-na-stoisko-wiss-defence\/#primaryimage"},"thumbnailUrl":"https:\/\/www.wiss.com.pl\/wp-content\/uploads\/2025\/08\/MSPO_2025_zaproszenie_WISS-1024x550.jpg","articleSection":["Bez kategorii"],"inLanguage":"en-US","potentialAction":[{"@type":"CommentAction","name":"Comment","target":["https:\/\/www.wiss.com.pl\/mspo-2025-w-kielcach-zapraszamy-na-stoisko-wiss-defence\/#respond"]}]},{"@type":"WebPage","@id":"https:\/\/www.wiss.com.pl\/mspo-2025-w-kielcach-zapraszamy-na-stoisko-wiss-defence\/","url":"https:\/\/www.wiss.com.pl\/mspo-2025-w-kielcach-zapraszamy-na-stoisko-wiss-defence\/","name":"MSPO 2025 W KIELCACH - ZAPRASZAMY NA STOISKO WISS DEFENCE - WISS","isPartOf":{"@id":"https:\/\/www.wiss.com.pl\/#website"},"primaryImageOfPage":{"@id":"https:\/\/www.wiss.com.pl\/mspo-2025-w-kielcach-zapraszamy-na-stoisko-wiss-defence\/#primaryimage"},"image":{"@id":"https:\/\/www.wiss.com.pl\/mspo-2025-w-kielcach-zapraszamy-na-stoisko-wiss-defence\/#primaryimage"},"thumbnailUrl":"https:\/\/www.wiss.com.pl\/wp-content\/uploads\/2025\/08\/MSPO_2025_zaproszenie_WISS-1024x550.jpg","datePublished":"2025-08-25T10:38:51+00:00","dateModified":"2025-09-01T12:53:32+00:00","breadcrumb":{"@id":"https:\/\/www.wiss.com.pl\/mspo-2025-w-kielcach-zapraszamy-na-stoisko-wiss-defence\/#breadcrumb"},"inLanguage":"en-US","potentialAction":[{"@type":"ReadAction","target":["https:\/\/www.wiss.com.pl\/mspo-2025-w-kielcach-zapraszamy-na-stoisko-wiss-defence\/"]}]},{"@type":"ImageObject","inLanguage":"en-US","@id":"https:\/\/www.wiss.com.pl\/mspo-2025-w-kielcach-zapraszamy-na-stoisko-wiss-defence\/#primaryimage","url":"https:\/\/www.wiss.com.pl\/wp-content\/uploads\/2025\/08\/MSPO_2025_zaproszenie_WISS-1024x550.jpg","contentUrl":"https:\/\/www.wiss.com.pl\/wp-content\/uploads\/2025\/08\/MSPO_2025_zaproszenie_WISS-1024x550.jpg"},{"@type":"BreadcrumbList","@id":"https:\/\/www.wiss.com.pl\/mspo-2025-w-kielcach-zapraszamy-na-stoisko-wiss-defence\/#breadcrumb","itemListElement":[{"@type":"ListItem","position":1,"name":"Strona g\u0142\u00f3wna","item":"https:\/\/www.wiss.com.pl\/"},{"@type":"ListItem","position":2,"name":"MSPO 2025 W KIELCACH &#8211; ZAPRASZAMY NA STOISKO WISS DEFENCE"}]},{"@type":"WebSite","@id":"https:\/\/www.wiss.com.pl\/#website","url":"https:\/\/www.wiss.com.pl\/","name":"WISS Samochody Specjalne","description":"Czo\u0142owy producent samochod\u00f3w po\u017carniczych w Polsce i Europie. Samochody przeznaczone dla s\u0142u\u017cb mundurowych, takich jak: stra\u017c po\u017carna, wojsko i policja.","publisher":{"@id":"https:\/\/www.wiss.com.pl\/#organization"},"potentialAction":[{"@type":"SearchAction","target":{"@type":"EntryPoint","urlTemplate":"https:\/\/www.wiss.com.pl\/?s={search_term_string}"},"query-input":{"@type":"PropertyValueSpecification","valueRequired":true,"valueName":"search_term_string"}}],"inLanguage":"en-US"},{"@type":"Organization","@id":"https:\/\/www.wiss.com.pl\/#organization","name":"WISS Samochody Specjalne","url":"https:\/\/www.wiss.com.pl\/","logo":{"@type":"ImageObject","inLanguage":"en-US","@id":"https:\/\/www.wiss.com.pl\/#\/schema\/logo\/image\/","url":"https:\/\/www.wiss.com.pl\/wp-content\/uploads\/2025\/01\/logo_bezpieczenstwo6-1.jpg","contentUrl":"https:\/\/www.wiss.com.pl\/wp-content\/uploads\/2025\/01\/logo_bezpieczenstwo6-1.jpg","width":1450,"height":407,"caption":"WISS Samochody Specjalne"},"image":{"@id":"https:\/\/www.wiss.com.pl\/#\/schema\/logo\/image\/"},"sameAs":["https:\/\/www.facebook.com\/ISSwawrzaszek\/"]},{"@type":"Person","@id":"https:\/\/www.wiss.com.pl\/#\/schema\/person\/c5aab92f11c88658ec840fa10b18f44a","name":"Wiola Walig\u00f3ra","image":{"@type":"ImageObject","inLanguage":"en-US","@id":"https:\/\/secure.gravatar.com\/avatar\/cf15fc5e487d691abc57da16be3e277156e7ca3c9e1aae4414992fe708009075?s=96&d=mm&r=g","url":"https:\/\/secure.gravatar.com\/avatar\/cf15fc5e487d691abc57da16be3e277156e7ca3c9e1aae4414992fe708009075?s=96&d=mm&r=g","contentUrl":"https:\/\/secure.gravatar.com\/avatar\/cf15fc5e487d691abc57da16be3e277156e7ca3c9e1aae4414992fe708009075?s=96&d=mm&r=g","caption":"Wiola Walig\u00f3ra"},"sameAs":["https:\/\/www.wiss.com.pl\/_www_wiss_polska\/stronanowa"],"url":"https:\/\/www.wiss.com.pl\/en\/author\/wwaligora\/"}]}},"_links":{"self":[{"href":"https:\/\/www.wiss.com.pl\/en\/wp-json\/wp\/v2\/posts\/6030","targetHints":{"allow":["GET"]}}],"collection":[{"href":"https:\/\/www.wiss.com.pl\/en\/wp-json\/wp\/v2\/posts"}],"about":[{"href":"https:\/\/www.wiss.com.pl\/en\/wp-json\/wp\/v2\/types\/post"}],"author":[{"embeddable":true,"href":"https:\/\/www.wiss.com.pl\/en\/wp-json\/wp\/v2\/users\/2"}],"replies":[{"embeddable":true,"href":"https:\/\/www.wiss.com.pl\/en\/wp-json\/wp\/v2\/comments?post=6030"}],"version-history":[{"count":4,"href":"https:\/\/www.wiss.com.pl\/en\/wp-json\/wp\/v2\/posts\/6030\/revisions"}],"predecessor-version":[{"id":6079,"href":"https:\/\/www.wiss.com.pl\/en\/wp-json\/wp\/v2\/posts\/6030\/revisions\/6079"}],"wp:attachment":[{"href":"https:\/\/www.wiss.com.pl\/en\/wp-json\/wp\/v2\/media?parent=6030"}],"wp:term":[{"taxonomy":"category","embeddable":true,"href":"https:\/\/www.wiss.com.pl\/en\/wp-json\/wp\/v2\/categories?post=6030"},{"taxonomy":"post_tag","embeddable":true,"href":"https:\/\/www.wiss.com.pl\/en\/wp-json\/wp\/v2\/tags?post=6030"}],"curies":[{"name":"wp","href":"https:\/\/api.w.org\/{rel}","templated":true}]}}