{"id":40,"date":"2015-08-21T06:47:27","date_gmt":"2015-08-21T04:47:27","guid":{"rendered":"http:\/\/demo.vegatheme.com\/archilight\/?p=40"},"modified":"2021-11-19T09:50:41","modified_gmt":"2021-11-19T08:50:41","slug":"excepteur-sint-occaecat-cupidatat","status":"publish","type":"post","link":"https:\/\/www.wiss.com.pl\/en\/excepteur-sint-occaecat-cupidatat\/","title":{"rendered":"WISS na pokazach w Pa\u0142acu Prezydenckim Powo\u0142anie Kapitu\u0142y Nagrody Gospodarczej Prezydenta RP"},"content":{"rendered":"<p>Firma Wawrzaszek otrzyma\u0142a Nagrod\u0119 Gospodarcz\u0105 Prezydenta RP, kt\u00f3ra jest wyr\u00f3\u017cnieniem przyznawanym przez Prezydenta Rzeczypospolitej Polskiej. Nagrod\u0105 Prezydenta RP zostaj\u0105 uhonorowane najlepsze podmioty gospodarcze w kraju, kt\u00f3re przyczyniaj\u0105 si\u0119 do rozwoju naszej gospodarki, promuj\u0105 Polsk\u0119 na arenie mi\u0119dzynarodowej oraz stanowi\u0105 wz\u00f3r dla innych firm. Prezydent wyrazi\u0142 r\u00f3wnie\u017c przekonanie, \u017ce jest to&nbsp;\u201ejedno z wa\u017cniejszych wydarze\u0144 gospodarczych w skali ka\u017cdego roku\u201d.<\/p>\n<p>Podczas tegorocznego powo\u0142ania Kapitu\u0142y, ubieg\u0142oroczni laureaci mogli zaprezentowa\u0107 swoje produkty w Pa\u0142acu Prezydenckim. Firma Wawrzaszek wyeksponowa\u0142a jeden ze swoich produkt\u00f3w \u2013 samoch\u00f3d ratowniczo-ga\u015bniczy. Prezydent Andrzej Duda, po uroczysto\u015bci powo\u0142ania Kapitu\u0142y, zapozna\u0142 si\u0119 w produktem WISS na pa\u0142acowym dziedzi\u0144cu.<\/p>","protected":false},"excerpt":{"rendered":"<p>Firma Wawrzaszek otrzyma\u0142a Nagrod\u0119 Gospodarcz\u0105 Prezydenta RP, kt\u00f3ra jest wyr\u00f3\u017cnieniem przyznawanym przez Prezydenta Rzeczypospolitej Polskiej. Nagrod\u0105 Prezydenta RP zostaj\u0105 uhonorowane najlepsze podmioty gospodarcze w kraju, kt\u00f3re przyczyniaj\u0105 si\u0119 do rozwoju naszej gospodarki, promuj\u0105 Polsk\u0119 na arenie mi\u0119dzynarodowej oraz stanowi\u0105 wz\u00f3r dla innych firm. Prezydent wyrazi\u0142 r\u00f3wnie\u017c przekonanie, \u017ce jest to&nbsp;\u201ejedno z wa\u017cniejszych wydarze\u0144 gospodarczych w [&hellip;]<\/p>\n","protected":false},"author":1,"featured_media":0,"comment_status":"closed","ping_status":"closed","sticky":false,"template":"","format":"video","meta":{"_acf_changed":false,"footnotes":""},"categories":[1],"tags":[13,14],"class_list":["post-40","post","type-post","status-publish","format-video","hentry","category-bez-kategorii","tag-internet","tag-marketing","post_format-post-format-video"],"acf":[],"yoast_head":"<!-- This site is optimized with the Yoast SEO plugin v27.4 - https:\/\/yoast.com\/product\/yoast-seo-wordpress\/ -->\n<title>WISS na pokazach w Pa\u0142acu Prezydenckim Powo\u0142anie Kapitu\u0142y Nagrody Gospodarczej Prezydenta RP - WISS<\/title>\n<meta name=\"robots\" content=\"index, follow, max-snippet:-1, max-image-preview:large, max-video-preview:-1\" \/>\n<link rel=\"canonical\" href=\"https:\/\/www.wiss.com.pl\/en\/excepteur-sint-occaecat-cupidatat\/\" \/>\n<meta property=\"og:locale\" content=\"en_US\" \/>\n<meta property=\"og:type\" content=\"article\" \/>\n<meta property=\"og:title\" content=\"WISS na pokazach w Pa\u0142acu Prezydenckim Powo\u0142anie Kapitu\u0142y Nagrody Gospodarczej Prezydenta RP - WISS\" \/>\n<meta property=\"og:description\" content=\"Firma Wawrzaszek otrzyma\u0142a Nagrod\u0119 Gospodarcz\u0105 Prezydenta RP, kt\u00f3ra jest wyr\u00f3\u017cnieniem przyznawanym przez Prezydenta Rzeczypospolitej Polskiej. Nagrod\u0105 Prezydenta RP zostaj\u0105 uhonorowane najlepsze podmioty gospodarcze w kraju, kt\u00f3re przyczyniaj\u0105 si\u0119 do rozwoju naszej gospodarki, promuj\u0105 Polsk\u0119 na arenie mi\u0119dzynarodowej oraz stanowi\u0105 wz\u00f3r dla innych firm. Prezydent wyrazi\u0142 r\u00f3wnie\u017c przekonanie, \u017ce jest to&nbsp;\u201ejedno z wa\u017cniejszych wydarze\u0144 gospodarczych w [&hellip;]\" \/>\n<meta property=\"og:url\" content=\"https:\/\/www.wiss.com.pl\/en\/excepteur-sint-occaecat-cupidatat\/\" \/>\n<meta property=\"og:site_name\" content=\"WISS\" \/>\n<meta property=\"article:publisher\" content=\"https:\/\/www.facebook.com\/ISSwawrzaszek\/\" \/>\n<meta property=\"article:published_time\" content=\"2015-08-21T04:47:27+00:00\" \/>\n<meta property=\"article:modified_time\" content=\"2021-11-19T08:50:41+00:00\" \/>\n<meta name=\"author\" content=\"admin\" \/>\n<meta name=\"twitter:card\" content=\"summary_large_image\" \/>\n<meta name=\"twitter:label1\" content=\"Written by\" \/>\n\t<meta name=\"twitter:data1\" content=\"admin\" \/>\n\t<meta name=\"twitter:label2\" content=\"Est. reading time\" \/>\n\t<meta name=\"twitter:data2\" content=\"1 minute\" \/>\n<script type=\"application\/ld+json\" class=\"yoast-schema-graph\">{\"@context\":\"https:\\\/\\\/schema.org\",\"@graph\":[{\"@type\":\"Article\",\"@id\":\"https:\\\/\\\/www.wiss.com.pl\\\/excepteur-sint-occaecat-cupidatat\\\/#article\",\"isPartOf\":{\"@id\":\"https:\\\/\\\/www.wiss.com.pl\\\/excepteur-sint-occaecat-cupidatat\\\/\"},\"author\":{\"name\":\"admin\",\"@id\":\"https:\\\/\\\/www.wiss.com.pl\\\/#\\\/schema\\\/person\\\/a24850e1c2b80693e222f49a2e994757\"},\"headline\":\"WISS na pokazach w Pa\u0142acu Prezydenckim Powo\u0142anie Kapitu\u0142y Nagrody Gospodarczej Prezydenta RP\",\"datePublished\":\"2015-08-21T04:47:27+00:00\",\"dateModified\":\"2021-11-19T08:50:41+00:00\",\"mainEntityOfPage\":{\"@id\":\"https:\\\/\\\/www.wiss.com.pl\\\/excepteur-sint-occaecat-cupidatat\\\/\"},\"wordCount\":134,\"publisher\":{\"@id\":\"https:\\\/\\\/www.wiss.com.pl\\\/#organization\"},\"keywords\":[\"internet\",\"marketing\"],\"articleSection\":[\"Bez kategorii\"],\"inLanguage\":\"en-US\"},{\"@type\":\"WebPage\",\"@id\":\"https:\\\/\\\/www.wiss.com.pl\\\/excepteur-sint-occaecat-cupidatat\\\/\",\"url\":\"https:\\\/\\\/www.wiss.com.pl\\\/excepteur-sint-occaecat-cupidatat\\\/\",\"name\":\"WISS na pokazach w Pa\u0142acu Prezydenckim Powo\u0142anie Kapitu\u0142y Nagrody Gospodarczej Prezydenta RP - WISS\",\"isPartOf\":{\"@id\":\"https:\\\/\\\/www.wiss.com.pl\\\/#website\"},\"datePublished\":\"2015-08-21T04:47:27+00:00\",\"dateModified\":\"2021-11-19T08:50:41+00:00\",\"breadcrumb\":{\"@id\":\"https:\\\/\\\/www.wiss.com.pl\\\/excepteur-sint-occaecat-cupidatat\\\/#breadcrumb\"},\"inLanguage\":\"en-US\",\"potentialAction\":[{\"@type\":\"ReadAction\",\"target\":[\"https:\\\/\\\/www.wiss.com.pl\\\/excepteur-sint-occaecat-cupidatat\\\/\"]}]},{\"@type\":\"BreadcrumbList\",\"@id\":\"https:\\\/\\\/www.wiss.com.pl\\\/excepteur-sint-occaecat-cupidatat\\\/#breadcrumb\",\"itemListElement\":[{\"@type\":\"ListItem\",\"position\":1,\"name\":\"Strona g\u0142\u00f3wna\",\"item\":\"https:\\\/\\\/www.wiss.com.pl\\\/\"},{\"@type\":\"ListItem\",\"position\":2,\"name\":\"WISS na pokazach w Pa\u0142acu Prezydenckim Powo\u0142anie Kapitu\u0142y Nagrody Gospodarczej Prezydenta RP\"}]},{\"@type\":\"WebSite\",\"@id\":\"https:\\\/\\\/www.wiss.com.pl\\\/#website\",\"url\":\"https:\\\/\\\/www.wiss.com.pl\\\/\",\"name\":\"WISS Samochody Specjalne\",\"description\":\"Czo\u0142owy producent samochod\u00f3w po\u017carniczych w Polsce i Europie. Samochody przeznaczone dla s\u0142u\u017cb mundurowych, takich jak: stra\u017c po\u017carna, wojsko i policja.\",\"publisher\":{\"@id\":\"https:\\\/\\\/www.wiss.com.pl\\\/#organization\"},\"potentialAction\":[{\"@type\":\"SearchAction\",\"target\":{\"@type\":\"EntryPoint\",\"urlTemplate\":\"https:\\\/\\\/www.wiss.com.pl\\\/?s={search_term_string}\"},\"query-input\":{\"@type\":\"PropertyValueSpecification\",\"valueRequired\":true,\"valueName\":\"search_term_string\"}}],\"inLanguage\":\"en-US\"},{\"@type\":\"Organization\",\"@id\":\"https:\\\/\\\/www.wiss.com.pl\\\/#organization\",\"name\":\"WISS Samochody Specjalne\",\"url\":\"https:\\\/\\\/www.wiss.com.pl\\\/\",\"logo\":{\"@type\":\"ImageObject\",\"inLanguage\":\"en-US\",\"@id\":\"https:\\\/\\\/www.wiss.com.pl\\\/#\\\/schema\\\/logo\\\/image\\\/\",\"url\":\"https:\\\/\\\/www.wiss.com.pl\\\/wp-content\\\/uploads\\\/2025\\\/01\\\/logo_bezpieczenstwo6-1.jpg\",\"contentUrl\":\"https:\\\/\\\/www.wiss.com.pl\\\/wp-content\\\/uploads\\\/2025\\\/01\\\/logo_bezpieczenstwo6-1.jpg\",\"width\":1450,\"height\":407,\"caption\":\"WISS Samochody Specjalne\"},\"image\":{\"@id\":\"https:\\\/\\\/www.wiss.com.pl\\\/#\\\/schema\\\/logo\\\/image\\\/\"},\"sameAs\":[\"https:\\\/\\\/www.facebook.com\\\/ISSwawrzaszek\\\/\"]},{\"@type\":\"Person\",\"@id\":\"https:\\\/\\\/www.wiss.com.pl\\\/#\\\/schema\\\/person\\\/a24850e1c2b80693e222f49a2e994757\",\"name\":\"admin\",\"image\":{\"@type\":\"ImageObject\",\"inLanguage\":\"en-US\",\"@id\":\"https:\\\/\\\/secure.gravatar.com\\\/avatar\\\/dd125ae81bfbf1fdc86fedf2a6e560d6c36e16c2a645cfbb76d5a4acd475d97c?s=96&d=mm&r=g\",\"url\":\"https:\\\/\\\/secure.gravatar.com\\\/avatar\\\/dd125ae81bfbf1fdc86fedf2a6e560d6c36e16c2a645cfbb76d5a4acd475d97c?s=96&d=mm&r=g\",\"contentUrl\":\"https:\\\/\\\/secure.gravatar.com\\\/avatar\\\/dd125ae81bfbf1fdc86fedf2a6e560d6c36e16c2a645cfbb76d5a4acd475d97c?s=96&d=mm&r=g\",\"caption\":\"admin\"},\"sameAs\":[\"https:\\\/\\\/www.wiss.com.pl\\\/_www_wiss_polska\\\/stronanowa\"],\"url\":\"https:\\\/\\\/www.wiss.com.pl\\\/en\\\/author\\\/admin\\\/\"}]}<\/script>\n<!-- \/ Yoast SEO plugin. -->","yoast_head_json":{"title":"WISS na pokazach w Pa\u0142acu Prezydenckim Powo\u0142anie Kapitu\u0142y Nagrody Gospodarczej Prezydenta RP - WISS","robots":{"index":"index","follow":"follow","max-snippet":"max-snippet:-1","max-image-preview":"max-image-preview:large","max-video-preview":"max-video-preview:-1"},"canonical":"https:\/\/www.wiss.com.pl\/en\/excepteur-sint-occaecat-cupidatat\/","og_locale":"en_US","og_type":"article","og_title":"WISS na pokazach w Pa\u0142acu Prezydenckim Powo\u0142anie Kapitu\u0142y Nagrody Gospodarczej Prezydenta RP - WISS","og_description":"Firma Wawrzaszek otrzyma\u0142a Nagrod\u0119 Gospodarcz\u0105 Prezydenta RP, kt\u00f3ra jest wyr\u00f3\u017cnieniem przyznawanym przez Prezydenta Rzeczypospolitej Polskiej. Nagrod\u0105 Prezydenta RP zostaj\u0105 uhonorowane najlepsze podmioty gospodarcze w kraju, kt\u00f3re przyczyniaj\u0105 si\u0119 do rozwoju naszej gospodarki, promuj\u0105 Polsk\u0119 na arenie mi\u0119dzynarodowej oraz stanowi\u0105 wz\u00f3r dla innych firm. Prezydent wyrazi\u0142 r\u00f3wnie\u017c przekonanie, \u017ce jest to&nbsp;\u201ejedno z wa\u017cniejszych wydarze\u0144 gospodarczych w [&hellip;]","og_url":"https:\/\/www.wiss.com.pl\/en\/excepteur-sint-occaecat-cupidatat\/","og_site_name":"WISS","article_publisher":"https:\/\/www.facebook.com\/ISSwawrzaszek\/","article_published_time":"2015-08-21T04:47:27+00:00","article_modified_time":"2021-11-19T08:50:41+00:00","author":"admin","twitter_card":"summary_large_image","twitter_misc":{"Written by":"admin","Est. reading time":"1 minute"},"schema":{"@context":"https:\/\/schema.org","@graph":[{"@type":"Article","@id":"https:\/\/www.wiss.com.pl\/excepteur-sint-occaecat-cupidatat\/#article","isPartOf":{"@id":"https:\/\/www.wiss.com.pl\/excepteur-sint-occaecat-cupidatat\/"},"author":{"name":"admin","@id":"https:\/\/www.wiss.com.pl\/#\/schema\/person\/a24850e1c2b80693e222f49a2e994757"},"headline":"WISS na pokazach w Pa\u0142acu Prezydenckim Powo\u0142anie Kapitu\u0142y Nagrody Gospodarczej Prezydenta RP","datePublished":"2015-08-21T04:47:27+00:00","dateModified":"2021-11-19T08:50:41+00:00","mainEntityOfPage":{"@id":"https:\/\/www.wiss.com.pl\/excepteur-sint-occaecat-cupidatat\/"},"wordCount":134,"publisher":{"@id":"https:\/\/www.wiss.com.pl\/#organization"},"keywords":["internet","marketing"],"articleSection":["Bez kategorii"],"inLanguage":"en-US"},{"@type":"WebPage","@id":"https:\/\/www.wiss.com.pl\/excepteur-sint-occaecat-cupidatat\/","url":"https:\/\/www.wiss.com.pl\/excepteur-sint-occaecat-cupidatat\/","name":"WISS na pokazach w Pa\u0142acu Prezydenckim Powo\u0142anie Kapitu\u0142y Nagrody Gospodarczej Prezydenta RP - WISS","isPartOf":{"@id":"https:\/\/www.wiss.com.pl\/#website"},"datePublished":"2015-08-21T04:47:27+00:00","dateModified":"2021-11-19T08:50:41+00:00","breadcrumb":{"@id":"https:\/\/www.wiss.com.pl\/excepteur-sint-occaecat-cupidatat\/#breadcrumb"},"inLanguage":"en-US","potentialAction":[{"@type":"ReadAction","target":["https:\/\/www.wiss.com.pl\/excepteur-sint-occaecat-cupidatat\/"]}]},{"@type":"BreadcrumbList","@id":"https:\/\/www.wiss.com.pl\/excepteur-sint-occaecat-cupidatat\/#breadcrumb","itemListElement":[{"@type":"ListItem","position":1,"name":"Strona g\u0142\u00f3wna","item":"https:\/\/www.wiss.com.pl\/"},{"@type":"ListItem","position":2,"name":"WISS na pokazach w Pa\u0142acu Prezydenckim Powo\u0142anie Kapitu\u0142y Nagrody Gospodarczej Prezydenta RP"}]},{"@type":"WebSite","@id":"https:\/\/www.wiss.com.pl\/#website","url":"https:\/\/www.wiss.com.pl\/","name":"WISS Samochody Specjalne","description":"Czo\u0142owy producent samochod\u00f3w po\u017carniczych w Polsce i Europie. Samochody przeznaczone dla s\u0142u\u017cb mundurowych, takich jak: stra\u017c po\u017carna, wojsko i policja.","publisher":{"@id":"https:\/\/www.wiss.com.pl\/#organization"},"potentialAction":[{"@type":"SearchAction","target":{"@type":"EntryPoint","urlTemplate":"https:\/\/www.wiss.com.pl\/?s={search_term_string}"},"query-input":{"@type":"PropertyValueSpecification","valueRequired":true,"valueName":"search_term_string"}}],"inLanguage":"en-US"},{"@type":"Organization","@id":"https:\/\/www.wiss.com.pl\/#organization","name":"WISS Samochody Specjalne","url":"https:\/\/www.wiss.com.pl\/","logo":{"@type":"ImageObject","inLanguage":"en-US","@id":"https:\/\/www.wiss.com.pl\/#\/schema\/logo\/image\/","url":"https:\/\/www.wiss.com.pl\/wp-content\/uploads\/2025\/01\/logo_bezpieczenstwo6-1.jpg","contentUrl":"https:\/\/www.wiss.com.pl\/wp-content\/uploads\/2025\/01\/logo_bezpieczenstwo6-1.jpg","width":1450,"height":407,"caption":"WISS Samochody Specjalne"},"image":{"@id":"https:\/\/www.wiss.com.pl\/#\/schema\/logo\/image\/"},"sameAs":["https:\/\/www.facebook.com\/ISSwawrzaszek\/"]},{"@type":"Person","@id":"https:\/\/www.wiss.com.pl\/#\/schema\/person\/a24850e1c2b80693e222f49a2e994757","name":"admin","image":{"@type":"ImageObject","inLanguage":"en-US","@id":"https:\/\/secure.gravatar.com\/avatar\/dd125ae81bfbf1fdc86fedf2a6e560d6c36e16c2a645cfbb76d5a4acd475d97c?s=96&d=mm&r=g","url":"https:\/\/secure.gravatar.com\/avatar\/dd125ae81bfbf1fdc86fedf2a6e560d6c36e16c2a645cfbb76d5a4acd475d97c?s=96&d=mm&r=g","contentUrl":"https:\/\/secure.gravatar.com\/avatar\/dd125ae81bfbf1fdc86fedf2a6e560d6c36e16c2a645cfbb76d5a4acd475d97c?s=96&d=mm&r=g","caption":"admin"},"sameAs":["https:\/\/www.wiss.com.pl\/_www_wiss_polska\/stronanowa"],"url":"https:\/\/www.wiss.com.pl\/en\/author\/admin\/"}]}},"_links":{"self":[{"href":"https:\/\/www.wiss.com.pl\/en\/wp-json\/wp\/v2\/posts\/40","targetHints":{"allow":["GET"]}}],"collection":[{"href":"https:\/\/www.wiss.com.pl\/en\/wp-json\/wp\/v2\/posts"}],"about":[{"href":"https:\/\/www.wiss.com.pl\/en\/wp-json\/wp\/v2\/types\/post"}],"author":[{"embeddable":true,"href":"https:\/\/www.wiss.com.pl\/en\/wp-json\/wp\/v2\/users\/1"}],"replies":[{"embeddable":true,"href":"https:\/\/www.wiss.com.pl\/en\/wp-json\/wp\/v2\/comments?post=40"}],"version-history":[{"count":2,"href":"https:\/\/www.wiss.com.pl\/en\/wp-json\/wp\/v2\/posts\/40\/revisions"}],"predecessor-version":[{"id":2882,"href":"https:\/\/www.wiss.com.pl\/en\/wp-json\/wp\/v2\/posts\/40\/revisions\/2882"}],"wp:attachment":[{"href":"https:\/\/www.wiss.com.pl\/en\/wp-json\/wp\/v2\/media?parent=40"}],"wp:term":[{"taxonomy":"category","embeddable":true,"href":"https:\/\/www.wiss.com.pl\/en\/wp-json\/wp\/v2\/categories?post=40"},{"taxonomy":"post_tag","embeddable":true,"href":"https:\/\/www.wiss.com.pl\/en\/wp-json\/wp\/v2\/tags?post=40"}],"curies":[{"name":"wp","href":"https:\/\/api.w.org\/{rel}","templated":true}]}}