{"id":2901,"date":"2021-11-19T09:56:50","date_gmt":"2021-11-19T08:56:50","guid":{"rendered":"https:\/\/www.wiss.com.pl\/_www_wiss_polska\/stronanowa\/?p=2901"},"modified":"2021-11-19T09:56:51","modified_gmt":"2021-11-19T08:56:51","slug":"nowy-sredni-pojazd-ratowniczo-gasniczy-dla-strazakow-z-holandii","status":"publish","type":"post","link":"https:\/\/www.wiss.com.pl\/en\/nowy-sredni-pojazd-ratowniczo-gasniczy-dla-strazakow-z-holandii\/","title":{"rendered":"Nowy \u015bredni pojazd ratowniczo-ga\u015bniczy dla stra\u017cak\u00f3w z Holandii."},"content":{"rendered":"<p>Nowy \u015bredni pojazd ratowniczo-ga\u015bniczy dla stra\u017cak\u00f3w z Holandii.<\/p>\n\n\n\n<p>Stra\u017cacy z Holandii otrzymaj\u0105 nowy pojazd ratowniczo-ga\u015bniczy na podwoziu DAF FL 290 z automatyczn\u0105 skrzyni\u0105 bieg\u00f3w, nap\u0119dem 4&#215;2 i kabin\u0105 4 drzwiow\u0105 o uk\u0142adzie siedze\u0144 1+1+5.<\/p>\n\n\n\n<p>Zabudowa pojazdu to aluminium z kompozytem poliestrowym i 7 skrytkami. Zbiornik na wod\u0119 wynosi 2000 litr\u00f3w, z kolei Autopompa Ruberg AB ma wydajno\u015b\u0107 3000 l\/min przy 10 barach oraz 460 l\/min przy 40 barach. Pojazd wyposa\u017cony jest r\u00f3wnie\u017c w lini\u0119 szybkiego natarcia i teleskopowy, pneumatyczny maszt o\u015bwietleniowy.<\/p>\n\n\n\n<p>Na wyposa\u017ceniu samochodu znajduje si\u0119 r\u00f3wnie\u017c hydrauliczny generator pr\u0105dotw\u00f3rczy o mocy 7kV.<\/p>\n\n\n\n<figure class=\"wp-block-image\"><img decoding=\"async\" src=\"https:\/\/www.wiss.com.pl\/_www_wiss_polska\/files\/daf\/daf_3.jpg\" alt=\"\"\/><\/figure>\n\n\n\n<figure class=\"wp-block-image\"><img decoding=\"async\" src=\"https:\/\/www.wiss.com.pl\/_www_wiss_polska\/files\/daf\/daf_2.jpg\" alt=\"\"\/><\/figure>\n\n\n\n<figure class=\"wp-block-image\"><img decoding=\"async\" src=\"https:\/\/www.wiss.com.pl\/_www_wiss_polska\/files\/daf\/daf_1a.jpg\" alt=\"\"\/><\/figure>","protected":false},"excerpt":{"rendered":"<p>Nowy \u015bredni pojazd ratowniczo-ga\u015bniczy dla stra\u017cak\u00f3w z Holandii. Stra\u017cacy z Holandii otrzymaj\u0105 nowy pojazd ratowniczo-ga\u015bniczy na podwoziu DAF FL 290 z automatyczn\u0105 skrzyni\u0105 bieg\u00f3w, nap\u0119dem 4&#215;2 i kabin\u0105 4 drzwiow\u0105 o uk\u0142adzie siedze\u0144 1+1+5. Zabudowa pojazdu to aluminium z kompozytem poliestrowym i 7 skrytkami. Zbiornik na wod\u0119 wynosi 2000 litr\u00f3w, z kolei Autopompa Ruberg AB [&hellip;]<\/p>\n","protected":false},"author":1,"featured_media":0,"comment_status":"open","ping_status":"open","sticky":false,"template":"","format":"standard","meta":{"_acf_changed":false,"footnotes":""},"categories":[1],"tags":[],"class_list":["post-2901","post","type-post","status-publish","format-standard","hentry","category-bez-kategorii"],"acf":[],"yoast_head":"<!-- This site is optimized with the Yoast SEO plugin v27.4 - https:\/\/yoast.com\/product\/yoast-seo-wordpress\/ -->\n<title>Nowy \u015bredni pojazd ratowniczo-ga\u015bniczy dla stra\u017cak\u00f3w z Holandii. - WISS<\/title>\n<meta name=\"robots\" content=\"index, follow, max-snippet:-1, max-image-preview:large, max-video-preview:-1\" \/>\n<link rel=\"canonical\" href=\"https:\/\/www.wiss.com.pl\/en\/nowy-sredni-pojazd-ratowniczo-gasniczy-dla-strazakow-z-holandii\/\" \/>\n<meta property=\"og:locale\" content=\"en_US\" \/>\n<meta property=\"og:type\" content=\"article\" \/>\n<meta property=\"og:title\" content=\"Nowy \u015bredni pojazd ratowniczo-ga\u015bniczy dla stra\u017cak\u00f3w z Holandii. - WISS\" \/>\n<meta property=\"og:description\" content=\"Nowy \u015bredni pojazd ratowniczo-ga\u015bniczy dla stra\u017cak\u00f3w z Holandii. Stra\u017cacy z Holandii otrzymaj\u0105 nowy pojazd ratowniczo-ga\u015bniczy na podwoziu DAF FL 290 z automatyczn\u0105 skrzyni\u0105 bieg\u00f3w, nap\u0119dem 4&#215;2 i kabin\u0105 4 drzwiow\u0105 o uk\u0142adzie siedze\u0144 1+1+5. Zabudowa pojazdu to aluminium z kompozytem poliestrowym i 7 skrytkami. Zbiornik na wod\u0119 wynosi 2000 litr\u00f3w, z kolei Autopompa Ruberg AB [&hellip;]\" \/>\n<meta property=\"og:url\" content=\"https:\/\/www.wiss.com.pl\/en\/nowy-sredni-pojazd-ratowniczo-gasniczy-dla-strazakow-z-holandii\/\" \/>\n<meta property=\"og:site_name\" content=\"WISS\" \/>\n<meta property=\"article:publisher\" content=\"https:\/\/www.facebook.com\/ISSwawrzaszek\/\" \/>\n<meta property=\"article:published_time\" content=\"2021-11-19T08:56:50+00:00\" \/>\n<meta property=\"article:modified_time\" content=\"2021-11-19T08:56:51+00:00\" \/>\n<meta property=\"og:image\" content=\"https:\/\/www.wiss.com.pl\/_www_wiss_polska\/files\/daf\/daf_3.jpg\" \/>\n<meta name=\"author\" content=\"admin\" \/>\n<meta name=\"twitter:card\" content=\"summary_large_image\" \/>\n<meta name=\"twitter:label1\" content=\"Written by\" \/>\n\t<meta name=\"twitter:data1\" content=\"admin\" \/>\n\t<meta name=\"twitter:label2\" content=\"Est. reading time\" \/>\n\t<meta name=\"twitter:data2\" content=\"1 minute\" \/>\n<script type=\"application\/ld+json\" class=\"yoast-schema-graph\">{\"@context\":\"https:\\\/\\\/schema.org\",\"@graph\":[{\"@type\":\"Article\",\"@id\":\"https:\\\/\\\/www.wiss.com.pl\\\/nowy-sredni-pojazd-ratowniczo-gasniczy-dla-strazakow-z-holandii\\\/#article\",\"isPartOf\":{\"@id\":\"https:\\\/\\\/www.wiss.com.pl\\\/nowy-sredni-pojazd-ratowniczo-gasniczy-dla-strazakow-z-holandii\\\/\"},\"author\":{\"name\":\"admin\",\"@id\":\"https:\\\/\\\/www.wiss.com.pl\\\/#\\\/schema\\\/person\\\/a24850e1c2b80693e222f49a2e994757\"},\"headline\":\"Nowy \u015bredni pojazd ratowniczo-ga\u015bniczy dla stra\u017cak\u00f3w z Holandii.\",\"datePublished\":\"2021-11-19T08:56:50+00:00\",\"dateModified\":\"2021-11-19T08:56:51+00:00\",\"mainEntityOfPage\":{\"@id\":\"https:\\\/\\\/www.wiss.com.pl\\\/nowy-sredni-pojazd-ratowniczo-gasniczy-dla-strazakow-z-holandii\\\/\"},\"wordCount\":113,\"commentCount\":0,\"publisher\":{\"@id\":\"https:\\\/\\\/www.wiss.com.pl\\\/#organization\"},\"image\":{\"@id\":\"https:\\\/\\\/www.wiss.com.pl\\\/nowy-sredni-pojazd-ratowniczo-gasniczy-dla-strazakow-z-holandii\\\/#primaryimage\"},\"thumbnailUrl\":\"https:\\\/\\\/www.wiss.com.pl\\\/_www_wiss_polska\\\/files\\\/daf\\\/daf_3.jpg\",\"articleSection\":[\"Bez kategorii\"],\"inLanguage\":\"en-US\",\"potentialAction\":[{\"@type\":\"CommentAction\",\"name\":\"Comment\",\"target\":[\"https:\\\/\\\/www.wiss.com.pl\\\/nowy-sredni-pojazd-ratowniczo-gasniczy-dla-strazakow-z-holandii\\\/#respond\"]}]},{\"@type\":\"WebPage\",\"@id\":\"https:\\\/\\\/www.wiss.com.pl\\\/nowy-sredni-pojazd-ratowniczo-gasniczy-dla-strazakow-z-holandii\\\/\",\"url\":\"https:\\\/\\\/www.wiss.com.pl\\\/nowy-sredni-pojazd-ratowniczo-gasniczy-dla-strazakow-z-holandii\\\/\",\"name\":\"Nowy \u015bredni pojazd ratowniczo-ga\u015bniczy dla stra\u017cak\u00f3w z Holandii. - WISS\",\"isPartOf\":{\"@id\":\"https:\\\/\\\/www.wiss.com.pl\\\/#website\"},\"primaryImageOfPage\":{\"@id\":\"https:\\\/\\\/www.wiss.com.pl\\\/nowy-sredni-pojazd-ratowniczo-gasniczy-dla-strazakow-z-holandii\\\/#primaryimage\"},\"image\":{\"@id\":\"https:\\\/\\\/www.wiss.com.pl\\\/nowy-sredni-pojazd-ratowniczo-gasniczy-dla-strazakow-z-holandii\\\/#primaryimage\"},\"thumbnailUrl\":\"https:\\\/\\\/www.wiss.com.pl\\\/_www_wiss_polska\\\/files\\\/daf\\\/daf_3.jpg\",\"datePublished\":\"2021-11-19T08:56:50+00:00\",\"dateModified\":\"2021-11-19T08:56:51+00:00\",\"breadcrumb\":{\"@id\":\"https:\\\/\\\/www.wiss.com.pl\\\/nowy-sredni-pojazd-ratowniczo-gasniczy-dla-strazakow-z-holandii\\\/#breadcrumb\"},\"inLanguage\":\"en-US\",\"potentialAction\":[{\"@type\":\"ReadAction\",\"target\":[\"https:\\\/\\\/www.wiss.com.pl\\\/nowy-sredni-pojazd-ratowniczo-gasniczy-dla-strazakow-z-holandii\\\/\"]}]},{\"@type\":\"ImageObject\",\"inLanguage\":\"en-US\",\"@id\":\"https:\\\/\\\/www.wiss.com.pl\\\/nowy-sredni-pojazd-ratowniczo-gasniczy-dla-strazakow-z-holandii\\\/#primaryimage\",\"url\":\"https:\\\/\\\/www.wiss.com.pl\\\/_www_wiss_polska\\\/files\\\/daf\\\/daf_3.jpg\",\"contentUrl\":\"https:\\\/\\\/www.wiss.com.pl\\\/_www_wiss_polska\\\/files\\\/daf\\\/daf_3.jpg\"},{\"@type\":\"BreadcrumbList\",\"@id\":\"https:\\\/\\\/www.wiss.com.pl\\\/nowy-sredni-pojazd-ratowniczo-gasniczy-dla-strazakow-z-holandii\\\/#breadcrumb\",\"itemListElement\":[{\"@type\":\"ListItem\",\"position\":1,\"name\":\"Strona g\u0142\u00f3wna\",\"item\":\"https:\\\/\\\/www.wiss.com.pl\\\/\"},{\"@type\":\"ListItem\",\"position\":2,\"name\":\"Nowy \u015bredni pojazd ratowniczo-ga\u015bniczy dla stra\u017cak\u00f3w z Holandii.\"}]},{\"@type\":\"WebSite\",\"@id\":\"https:\\\/\\\/www.wiss.com.pl\\\/#website\",\"url\":\"https:\\\/\\\/www.wiss.com.pl\\\/\",\"name\":\"WISS Samochody Specjalne\",\"description\":\"Czo\u0142owy producent samochod\u00f3w po\u017carniczych w Polsce i Europie. Samochody przeznaczone dla s\u0142u\u017cb mundurowych, takich jak: stra\u017c po\u017carna, wojsko i policja.\",\"publisher\":{\"@id\":\"https:\\\/\\\/www.wiss.com.pl\\\/#organization\"},\"potentialAction\":[{\"@type\":\"SearchAction\",\"target\":{\"@type\":\"EntryPoint\",\"urlTemplate\":\"https:\\\/\\\/www.wiss.com.pl\\\/?s={search_term_string}\"},\"query-input\":{\"@type\":\"PropertyValueSpecification\",\"valueRequired\":true,\"valueName\":\"search_term_string\"}}],\"inLanguage\":\"en-US\"},{\"@type\":\"Organization\",\"@id\":\"https:\\\/\\\/www.wiss.com.pl\\\/#organization\",\"name\":\"WISS Samochody Specjalne\",\"url\":\"https:\\\/\\\/www.wiss.com.pl\\\/\",\"logo\":{\"@type\":\"ImageObject\",\"inLanguage\":\"en-US\",\"@id\":\"https:\\\/\\\/www.wiss.com.pl\\\/#\\\/schema\\\/logo\\\/image\\\/\",\"url\":\"https:\\\/\\\/www.wiss.com.pl\\\/wp-content\\\/uploads\\\/2025\\\/01\\\/logo_bezpieczenstwo6-1.jpg\",\"contentUrl\":\"https:\\\/\\\/www.wiss.com.pl\\\/wp-content\\\/uploads\\\/2025\\\/01\\\/logo_bezpieczenstwo6-1.jpg\",\"width\":1450,\"height\":407,\"caption\":\"WISS Samochody Specjalne\"},\"image\":{\"@id\":\"https:\\\/\\\/www.wiss.com.pl\\\/#\\\/schema\\\/logo\\\/image\\\/\"},\"sameAs\":[\"https:\\\/\\\/www.facebook.com\\\/ISSwawrzaszek\\\/\"]},{\"@type\":\"Person\",\"@id\":\"https:\\\/\\\/www.wiss.com.pl\\\/#\\\/schema\\\/person\\\/a24850e1c2b80693e222f49a2e994757\",\"name\":\"admin\",\"image\":{\"@type\":\"ImageObject\",\"inLanguage\":\"en-US\",\"@id\":\"https:\\\/\\\/secure.gravatar.com\\\/avatar\\\/dd125ae81bfbf1fdc86fedf2a6e560d6c36e16c2a645cfbb76d5a4acd475d97c?s=96&d=mm&r=g\",\"url\":\"https:\\\/\\\/secure.gravatar.com\\\/avatar\\\/dd125ae81bfbf1fdc86fedf2a6e560d6c36e16c2a645cfbb76d5a4acd475d97c?s=96&d=mm&r=g\",\"contentUrl\":\"https:\\\/\\\/secure.gravatar.com\\\/avatar\\\/dd125ae81bfbf1fdc86fedf2a6e560d6c36e16c2a645cfbb76d5a4acd475d97c?s=96&d=mm&r=g\",\"caption\":\"admin\"},\"sameAs\":[\"https:\\\/\\\/www.wiss.com.pl\\\/_www_wiss_polska\\\/stronanowa\"],\"url\":\"https:\\\/\\\/www.wiss.com.pl\\\/en\\\/author\\\/admin\\\/\"}]}<\/script>\n<!-- \/ Yoast SEO plugin. -->","yoast_head_json":{"title":"Nowy \u015bredni pojazd ratowniczo-ga\u015bniczy dla stra\u017cak\u00f3w z Holandii. - WISS","robots":{"index":"index","follow":"follow","max-snippet":"max-snippet:-1","max-image-preview":"max-image-preview:large","max-video-preview":"max-video-preview:-1"},"canonical":"https:\/\/www.wiss.com.pl\/en\/nowy-sredni-pojazd-ratowniczo-gasniczy-dla-strazakow-z-holandii\/","og_locale":"en_US","og_type":"article","og_title":"Nowy \u015bredni pojazd ratowniczo-ga\u015bniczy dla stra\u017cak\u00f3w z Holandii. - WISS","og_description":"Nowy \u015bredni pojazd ratowniczo-ga\u015bniczy dla stra\u017cak\u00f3w z Holandii. Stra\u017cacy z Holandii otrzymaj\u0105 nowy pojazd ratowniczo-ga\u015bniczy na podwoziu DAF FL 290 z automatyczn\u0105 skrzyni\u0105 bieg\u00f3w, nap\u0119dem 4&#215;2 i kabin\u0105 4 drzwiow\u0105 o uk\u0142adzie siedze\u0144 1+1+5. Zabudowa pojazdu to aluminium z kompozytem poliestrowym i 7 skrytkami. Zbiornik na wod\u0119 wynosi 2000 litr\u00f3w, z kolei Autopompa Ruberg AB [&hellip;]","og_url":"https:\/\/www.wiss.com.pl\/en\/nowy-sredni-pojazd-ratowniczo-gasniczy-dla-strazakow-z-holandii\/","og_site_name":"WISS","article_publisher":"https:\/\/www.facebook.com\/ISSwawrzaszek\/","article_published_time":"2021-11-19T08:56:50+00:00","article_modified_time":"2021-11-19T08:56:51+00:00","og_image":[{"url":"https:\/\/www.wiss.com.pl\/_www_wiss_polska\/files\/daf\/daf_3.jpg","type":"","width":"","height":""}],"author":"admin","twitter_card":"summary_large_image","twitter_misc":{"Written by":"admin","Est. reading time":"1 minute"},"schema":{"@context":"https:\/\/schema.org","@graph":[{"@type":"Article","@id":"https:\/\/www.wiss.com.pl\/nowy-sredni-pojazd-ratowniczo-gasniczy-dla-strazakow-z-holandii\/#article","isPartOf":{"@id":"https:\/\/www.wiss.com.pl\/nowy-sredni-pojazd-ratowniczo-gasniczy-dla-strazakow-z-holandii\/"},"author":{"name":"admin","@id":"https:\/\/www.wiss.com.pl\/#\/schema\/person\/a24850e1c2b80693e222f49a2e994757"},"headline":"Nowy \u015bredni pojazd ratowniczo-ga\u015bniczy dla stra\u017cak\u00f3w z Holandii.","datePublished":"2021-11-19T08:56:50+00:00","dateModified":"2021-11-19T08:56:51+00:00","mainEntityOfPage":{"@id":"https:\/\/www.wiss.com.pl\/nowy-sredni-pojazd-ratowniczo-gasniczy-dla-strazakow-z-holandii\/"},"wordCount":113,"commentCount":0,"publisher":{"@id":"https:\/\/www.wiss.com.pl\/#organization"},"image":{"@id":"https:\/\/www.wiss.com.pl\/nowy-sredni-pojazd-ratowniczo-gasniczy-dla-strazakow-z-holandii\/#primaryimage"},"thumbnailUrl":"https:\/\/www.wiss.com.pl\/_www_wiss_polska\/files\/daf\/daf_3.jpg","articleSection":["Bez kategorii"],"inLanguage":"en-US","potentialAction":[{"@type":"CommentAction","name":"Comment","target":["https:\/\/www.wiss.com.pl\/nowy-sredni-pojazd-ratowniczo-gasniczy-dla-strazakow-z-holandii\/#respond"]}]},{"@type":"WebPage","@id":"https:\/\/www.wiss.com.pl\/nowy-sredni-pojazd-ratowniczo-gasniczy-dla-strazakow-z-holandii\/","url":"https:\/\/www.wiss.com.pl\/nowy-sredni-pojazd-ratowniczo-gasniczy-dla-strazakow-z-holandii\/","name":"Nowy \u015bredni pojazd ratowniczo-ga\u015bniczy dla stra\u017cak\u00f3w z Holandii. - WISS","isPartOf":{"@id":"https:\/\/www.wiss.com.pl\/#website"},"primaryImageOfPage":{"@id":"https:\/\/www.wiss.com.pl\/nowy-sredni-pojazd-ratowniczo-gasniczy-dla-strazakow-z-holandii\/#primaryimage"},"image":{"@id":"https:\/\/www.wiss.com.pl\/nowy-sredni-pojazd-ratowniczo-gasniczy-dla-strazakow-z-holandii\/#primaryimage"},"thumbnailUrl":"https:\/\/www.wiss.com.pl\/_www_wiss_polska\/files\/daf\/daf_3.jpg","datePublished":"2021-11-19T08:56:50+00:00","dateModified":"2021-11-19T08:56:51+00:00","breadcrumb":{"@id":"https:\/\/www.wiss.com.pl\/nowy-sredni-pojazd-ratowniczo-gasniczy-dla-strazakow-z-holandii\/#breadcrumb"},"inLanguage":"en-US","potentialAction":[{"@type":"ReadAction","target":["https:\/\/www.wiss.com.pl\/nowy-sredni-pojazd-ratowniczo-gasniczy-dla-strazakow-z-holandii\/"]}]},{"@type":"ImageObject","inLanguage":"en-US","@id":"https:\/\/www.wiss.com.pl\/nowy-sredni-pojazd-ratowniczo-gasniczy-dla-strazakow-z-holandii\/#primaryimage","url":"https:\/\/www.wiss.com.pl\/_www_wiss_polska\/files\/daf\/daf_3.jpg","contentUrl":"https:\/\/www.wiss.com.pl\/_www_wiss_polska\/files\/daf\/daf_3.jpg"},{"@type":"BreadcrumbList","@id":"https:\/\/www.wiss.com.pl\/nowy-sredni-pojazd-ratowniczo-gasniczy-dla-strazakow-z-holandii\/#breadcrumb","itemListElement":[{"@type":"ListItem","position":1,"name":"Strona g\u0142\u00f3wna","item":"https:\/\/www.wiss.com.pl\/"},{"@type":"ListItem","position":2,"name":"Nowy \u015bredni pojazd ratowniczo-ga\u015bniczy dla stra\u017cak\u00f3w z Holandii."}]},{"@type":"WebSite","@id":"https:\/\/www.wiss.com.pl\/#website","url":"https:\/\/www.wiss.com.pl\/","name":"WISS Samochody Specjalne","description":"Czo\u0142owy producent samochod\u00f3w po\u017carniczych w Polsce i Europie. Samochody przeznaczone dla s\u0142u\u017cb mundurowych, takich jak: stra\u017c po\u017carna, wojsko i policja.","publisher":{"@id":"https:\/\/www.wiss.com.pl\/#organization"},"potentialAction":[{"@type":"SearchAction","target":{"@type":"EntryPoint","urlTemplate":"https:\/\/www.wiss.com.pl\/?s={search_term_string}"},"query-input":{"@type":"PropertyValueSpecification","valueRequired":true,"valueName":"search_term_string"}}],"inLanguage":"en-US"},{"@type":"Organization","@id":"https:\/\/www.wiss.com.pl\/#organization","name":"WISS Samochody Specjalne","url":"https:\/\/www.wiss.com.pl\/","logo":{"@type":"ImageObject","inLanguage":"en-US","@id":"https:\/\/www.wiss.com.pl\/#\/schema\/logo\/image\/","url":"https:\/\/www.wiss.com.pl\/wp-content\/uploads\/2025\/01\/logo_bezpieczenstwo6-1.jpg","contentUrl":"https:\/\/www.wiss.com.pl\/wp-content\/uploads\/2025\/01\/logo_bezpieczenstwo6-1.jpg","width":1450,"height":407,"caption":"WISS Samochody Specjalne"},"image":{"@id":"https:\/\/www.wiss.com.pl\/#\/schema\/logo\/image\/"},"sameAs":["https:\/\/www.facebook.com\/ISSwawrzaszek\/"]},{"@type":"Person","@id":"https:\/\/www.wiss.com.pl\/#\/schema\/person\/a24850e1c2b80693e222f49a2e994757","name":"admin","image":{"@type":"ImageObject","inLanguage":"en-US","@id":"https:\/\/secure.gravatar.com\/avatar\/dd125ae81bfbf1fdc86fedf2a6e560d6c36e16c2a645cfbb76d5a4acd475d97c?s=96&d=mm&r=g","url":"https:\/\/secure.gravatar.com\/avatar\/dd125ae81bfbf1fdc86fedf2a6e560d6c36e16c2a645cfbb76d5a4acd475d97c?s=96&d=mm&r=g","contentUrl":"https:\/\/secure.gravatar.com\/avatar\/dd125ae81bfbf1fdc86fedf2a6e560d6c36e16c2a645cfbb76d5a4acd475d97c?s=96&d=mm&r=g","caption":"admin"},"sameAs":["https:\/\/www.wiss.com.pl\/_www_wiss_polska\/stronanowa"],"url":"https:\/\/www.wiss.com.pl\/en\/author\/admin\/"}]}},"_links":{"self":[{"href":"https:\/\/www.wiss.com.pl\/en\/wp-json\/wp\/v2\/posts\/2901","targetHints":{"allow":["GET"]}}],"collection":[{"href":"https:\/\/www.wiss.com.pl\/en\/wp-json\/wp\/v2\/posts"}],"about":[{"href":"https:\/\/www.wiss.com.pl\/en\/wp-json\/wp\/v2\/types\/post"}],"author":[{"embeddable":true,"href":"https:\/\/www.wiss.com.pl\/en\/wp-json\/wp\/v2\/users\/1"}],"replies":[{"embeddable":true,"href":"https:\/\/www.wiss.com.pl\/en\/wp-json\/wp\/v2\/comments?post=2901"}],"version-history":[{"count":1,"href":"https:\/\/www.wiss.com.pl\/en\/wp-json\/wp\/v2\/posts\/2901\/revisions"}],"predecessor-version":[{"id":2902,"href":"https:\/\/www.wiss.com.pl\/en\/wp-json\/wp\/v2\/posts\/2901\/revisions\/2902"}],"wp:attachment":[{"href":"https:\/\/www.wiss.com.pl\/en\/wp-json\/wp\/v2\/media?parent=2901"}],"wp:term":[{"taxonomy":"category","embeddable":true,"href":"https:\/\/www.wiss.com.pl\/en\/wp-json\/wp\/v2\/categories?post=2901"},{"taxonomy":"post_tag","embeddable":true,"href":"https:\/\/www.wiss.com.pl\/en\/wp-json\/wp\/v2\/tags?post=2901"}],"curies":[{"name":"wp","href":"https:\/\/api.w.org\/{rel}","templated":true}]}}