{"id":2891,"date":"2021-11-19T09:54:46","date_gmt":"2021-11-19T08:54:46","guid":{"rendered":"https:\/\/www.wiss.com.pl\/_www_wiss_polska\/stronanowa\/?p=2891"},"modified":"2021-11-19T09:55:01","modified_gmt":"2021-11-19T08:55:01","slug":"aktualizacja-polityki-prywatnosci","status":"publish","type":"post","link":"https:\/\/www.wiss.com.pl\/en\/aktualizacja-polityki-prywatnosci\/","title":{"rendered":"Aktualizacja Polityki Prywatno\u015bci"},"content":{"rendered":"<p>w zwi\u0105zku z korzystaniem przez witryn\u0119 z us\u0142ug Facebooka<\/p>\n\n\n\n<p>Informujemy, \u017ce w dniu 30.09.2019 zaktualizowali\u015bmy nasz\u0105 Polityk\u0119 prywatno\u015bci. Zakres Polityki obj\u0105\u0142 informacje dotycz\u0105ce przetwarzania danych w zwi\u0105zku z prowadzeniem przez nasz\u0105 firm\u0119 fanpage\u2019a na portalu Facebook. Zaktualizowan\u0105 Polityk\u0119, a tak\u017ce klauzul\u0119 informacyjn\u0105 dotycz\u0105c\u0105 Facebooka mo\u017cecie Pa\u0144stwo znale\u017a\u0107 w zak\u0142adce \u201eRODO\u201d.<\/p>","protected":false},"excerpt":{"rendered":"<p>w zwi\u0105zku z korzystaniem przez witryn\u0119 z us\u0142ug Facebooka Informujemy, \u017ce w dniu 30.09.2019 zaktualizowali\u015bmy nasz\u0105 Polityk\u0119 prywatno\u015bci. Zakres Polityki obj\u0105\u0142 informacje dotycz\u0105ce przetwarzania danych w zwi\u0105zku z prowadzeniem przez nasz\u0105 firm\u0119 fanpage\u2019a na portalu Facebook. Zaktualizowan\u0105 Polityk\u0119, a tak\u017ce klauzul\u0119 informacyjn\u0105 dotycz\u0105c\u0105 Facebooka mo\u017cecie Pa\u0144stwo znale\u017a\u0107 w zak\u0142adce \u201eRODO\u201d.<\/p>","protected":false},"author":1,"featured_media":0,"comment_status":"open","ping_status":"open","sticky":false,"template":"","format":"standard","meta":{"_acf_changed":false,"footnotes":""},"categories":[1],"tags":[],"class_list":["post-2891","post","type-post","status-publish","format-standard","hentry","category-bez-kategorii"],"acf":[],"yoast_head":"<!-- This site is optimized with the Yoast SEO plugin v27.4 - https:\/\/yoast.com\/product\/yoast-seo-wordpress\/ -->\n<title>Aktualizacja Polityki Prywatno\u015bci - WISS<\/title>\n<meta name=\"robots\" content=\"index, follow, max-snippet:-1, max-image-preview:large, max-video-preview:-1\" \/>\n<link rel=\"canonical\" href=\"https:\/\/www.wiss.com.pl\/en\/aktualizacja-polityki-prywatnosci\/\" \/>\n<meta property=\"og:locale\" content=\"en_US\" \/>\n<meta property=\"og:type\" content=\"article\" \/>\n<meta property=\"og:title\" content=\"Aktualizacja Polityki Prywatno\u015bci - WISS\" \/>\n<meta property=\"og:description\" content=\"w zwi\u0105zku z korzystaniem przez witryn\u0119 z us\u0142ug Facebooka Informujemy, \u017ce w dniu 30.09.2019 zaktualizowali\u015bmy nasz\u0105 Polityk\u0119 prywatno\u015bci. Zakres Polityki obj\u0105\u0142 informacje dotycz\u0105ce przetwarzania danych w zwi\u0105zku z prowadzeniem przez nasz\u0105 firm\u0119 fanpage\u2019a na portalu Facebook. Zaktualizowan\u0105 Polityk\u0119, a tak\u017ce klauzul\u0119 informacyjn\u0105 dotycz\u0105c\u0105 Facebooka mo\u017cecie Pa\u0144stwo znale\u017a\u0107 w zak\u0142adce \u201eRODO\u201d.\" \/>\n<meta property=\"og:url\" content=\"https:\/\/www.wiss.com.pl\/en\/aktualizacja-polityki-prywatnosci\/\" \/>\n<meta property=\"og:site_name\" content=\"WISS\" \/>\n<meta property=\"article:publisher\" content=\"https:\/\/www.facebook.com\/ISSwawrzaszek\/\" \/>\n<meta property=\"article:published_time\" content=\"2021-11-19T08:54:46+00:00\" \/>\n<meta property=\"article:modified_time\" content=\"2021-11-19T08:55:01+00:00\" \/>\n<meta name=\"author\" content=\"admin\" \/>\n<meta name=\"twitter:card\" content=\"summary_large_image\" \/>\n<meta name=\"twitter:label1\" content=\"Written by\" \/>\n\t<meta name=\"twitter:data1\" content=\"admin\" \/>\n<script type=\"application\/ld+json\" class=\"yoast-schema-graph\">{\"@context\":\"https:\\\/\\\/schema.org\",\"@graph\":[{\"@type\":\"Article\",\"@id\":\"https:\\\/\\\/www.wiss.com.pl\\\/aktualizacja-polityki-prywatnosci\\\/#article\",\"isPartOf\":{\"@id\":\"https:\\\/\\\/www.wiss.com.pl\\\/aktualizacja-polityki-prywatnosci\\\/\"},\"author\":{\"name\":\"admin\",\"@id\":\"https:\\\/\\\/www.wiss.com.pl\\\/#\\\/schema\\\/person\\\/a24850e1c2b80693e222f49a2e994757\"},\"headline\":\"Aktualizacja Polityki Prywatno\u015bci\",\"datePublished\":\"2021-11-19T08:54:46+00:00\",\"dateModified\":\"2021-11-19T08:55:01+00:00\",\"mainEntityOfPage\":{\"@id\":\"https:\\\/\\\/www.wiss.com.pl\\\/aktualizacja-polityki-prywatnosci\\\/\"},\"wordCount\":65,\"commentCount\":0,\"publisher\":{\"@id\":\"https:\\\/\\\/www.wiss.com.pl\\\/#organization\"},\"articleSection\":[\"Bez kategorii\"],\"inLanguage\":\"en-US\",\"potentialAction\":[{\"@type\":\"CommentAction\",\"name\":\"Comment\",\"target\":[\"https:\\\/\\\/www.wiss.com.pl\\\/aktualizacja-polityki-prywatnosci\\\/#respond\"]}]},{\"@type\":\"WebPage\",\"@id\":\"https:\\\/\\\/www.wiss.com.pl\\\/aktualizacja-polityki-prywatnosci\\\/\",\"url\":\"https:\\\/\\\/www.wiss.com.pl\\\/aktualizacja-polityki-prywatnosci\\\/\",\"name\":\"Aktualizacja Polityki Prywatno\u015bci - WISS\",\"isPartOf\":{\"@id\":\"https:\\\/\\\/www.wiss.com.pl\\\/#website\"},\"datePublished\":\"2021-11-19T08:54:46+00:00\",\"dateModified\":\"2021-11-19T08:55:01+00:00\",\"breadcrumb\":{\"@id\":\"https:\\\/\\\/www.wiss.com.pl\\\/aktualizacja-polityki-prywatnosci\\\/#breadcrumb\"},\"inLanguage\":\"en-US\",\"potentialAction\":[{\"@type\":\"ReadAction\",\"target\":[\"https:\\\/\\\/www.wiss.com.pl\\\/aktualizacja-polityki-prywatnosci\\\/\"]}]},{\"@type\":\"BreadcrumbList\",\"@id\":\"https:\\\/\\\/www.wiss.com.pl\\\/aktualizacja-polityki-prywatnosci\\\/#breadcrumb\",\"itemListElement\":[{\"@type\":\"ListItem\",\"position\":1,\"name\":\"Strona g\u0142\u00f3wna\",\"item\":\"https:\\\/\\\/www.wiss.com.pl\\\/\"},{\"@type\":\"ListItem\",\"position\":2,\"name\":\"Aktualizacja Polityki Prywatno\u015bci\"}]},{\"@type\":\"WebSite\",\"@id\":\"https:\\\/\\\/www.wiss.com.pl\\\/#website\",\"url\":\"https:\\\/\\\/www.wiss.com.pl\\\/\",\"name\":\"WISS Samochody Specjalne\",\"description\":\"Czo\u0142owy producent samochod\u00f3w po\u017carniczych w Polsce i Europie. Samochody przeznaczone dla s\u0142u\u017cb mundurowych, takich jak: stra\u017c po\u017carna, wojsko i policja.\",\"publisher\":{\"@id\":\"https:\\\/\\\/www.wiss.com.pl\\\/#organization\"},\"potentialAction\":[{\"@type\":\"SearchAction\",\"target\":{\"@type\":\"EntryPoint\",\"urlTemplate\":\"https:\\\/\\\/www.wiss.com.pl\\\/?s={search_term_string}\"},\"query-input\":{\"@type\":\"PropertyValueSpecification\",\"valueRequired\":true,\"valueName\":\"search_term_string\"}}],\"inLanguage\":\"en-US\"},{\"@type\":\"Organization\",\"@id\":\"https:\\\/\\\/www.wiss.com.pl\\\/#organization\",\"name\":\"WISS Samochody Specjalne\",\"url\":\"https:\\\/\\\/www.wiss.com.pl\\\/\",\"logo\":{\"@type\":\"ImageObject\",\"inLanguage\":\"en-US\",\"@id\":\"https:\\\/\\\/www.wiss.com.pl\\\/#\\\/schema\\\/logo\\\/image\\\/\",\"url\":\"https:\\\/\\\/www.wiss.com.pl\\\/wp-content\\\/uploads\\\/2025\\\/01\\\/logo_bezpieczenstwo6-1.jpg\",\"contentUrl\":\"https:\\\/\\\/www.wiss.com.pl\\\/wp-content\\\/uploads\\\/2025\\\/01\\\/logo_bezpieczenstwo6-1.jpg\",\"width\":1450,\"height\":407,\"caption\":\"WISS Samochody Specjalne\"},\"image\":{\"@id\":\"https:\\\/\\\/www.wiss.com.pl\\\/#\\\/schema\\\/logo\\\/image\\\/\"},\"sameAs\":[\"https:\\\/\\\/www.facebook.com\\\/ISSwawrzaszek\\\/\"]},{\"@type\":\"Person\",\"@id\":\"https:\\\/\\\/www.wiss.com.pl\\\/#\\\/schema\\\/person\\\/a24850e1c2b80693e222f49a2e994757\",\"name\":\"admin\",\"image\":{\"@type\":\"ImageObject\",\"inLanguage\":\"en-US\",\"@id\":\"https:\\\/\\\/secure.gravatar.com\\\/avatar\\\/dd125ae81bfbf1fdc86fedf2a6e560d6c36e16c2a645cfbb76d5a4acd475d97c?s=96&d=mm&r=g\",\"url\":\"https:\\\/\\\/secure.gravatar.com\\\/avatar\\\/dd125ae81bfbf1fdc86fedf2a6e560d6c36e16c2a645cfbb76d5a4acd475d97c?s=96&d=mm&r=g\",\"contentUrl\":\"https:\\\/\\\/secure.gravatar.com\\\/avatar\\\/dd125ae81bfbf1fdc86fedf2a6e560d6c36e16c2a645cfbb76d5a4acd475d97c?s=96&d=mm&r=g\",\"caption\":\"admin\"},\"sameAs\":[\"https:\\\/\\\/www.wiss.com.pl\\\/_www_wiss_polska\\\/stronanowa\"],\"url\":\"https:\\\/\\\/www.wiss.com.pl\\\/en\\\/author\\\/admin\\\/\"}]}<\/script>\n<!-- \/ Yoast SEO plugin. -->","yoast_head_json":{"title":"Aktualizacja Polityki Prywatno\u015bci - WISS","robots":{"index":"index","follow":"follow","max-snippet":"max-snippet:-1","max-image-preview":"max-image-preview:large","max-video-preview":"max-video-preview:-1"},"canonical":"https:\/\/www.wiss.com.pl\/en\/aktualizacja-polityki-prywatnosci\/","og_locale":"en_US","og_type":"article","og_title":"Aktualizacja Polityki Prywatno\u015bci - WISS","og_description":"w zwi\u0105zku z korzystaniem przez witryn\u0119 z us\u0142ug Facebooka Informujemy, \u017ce w dniu 30.09.2019 zaktualizowali\u015bmy nasz\u0105 Polityk\u0119 prywatno\u015bci. Zakres Polityki obj\u0105\u0142 informacje dotycz\u0105ce przetwarzania danych w zwi\u0105zku z prowadzeniem przez nasz\u0105 firm\u0119 fanpage\u2019a na portalu Facebook. Zaktualizowan\u0105 Polityk\u0119, a tak\u017ce klauzul\u0119 informacyjn\u0105 dotycz\u0105c\u0105 Facebooka mo\u017cecie Pa\u0144stwo znale\u017a\u0107 w zak\u0142adce \u201eRODO\u201d.","og_url":"https:\/\/www.wiss.com.pl\/en\/aktualizacja-polityki-prywatnosci\/","og_site_name":"WISS","article_publisher":"https:\/\/www.facebook.com\/ISSwawrzaszek\/","article_published_time":"2021-11-19T08:54:46+00:00","article_modified_time":"2021-11-19T08:55:01+00:00","author":"admin","twitter_card":"summary_large_image","twitter_misc":{"Written by":"admin"},"schema":{"@context":"https:\/\/schema.org","@graph":[{"@type":"Article","@id":"https:\/\/www.wiss.com.pl\/aktualizacja-polityki-prywatnosci\/#article","isPartOf":{"@id":"https:\/\/www.wiss.com.pl\/aktualizacja-polityki-prywatnosci\/"},"author":{"name":"admin","@id":"https:\/\/www.wiss.com.pl\/#\/schema\/person\/a24850e1c2b80693e222f49a2e994757"},"headline":"Aktualizacja Polityki Prywatno\u015bci","datePublished":"2021-11-19T08:54:46+00:00","dateModified":"2021-11-19T08:55:01+00:00","mainEntityOfPage":{"@id":"https:\/\/www.wiss.com.pl\/aktualizacja-polityki-prywatnosci\/"},"wordCount":65,"commentCount":0,"publisher":{"@id":"https:\/\/www.wiss.com.pl\/#organization"},"articleSection":["Bez kategorii"],"inLanguage":"en-US","potentialAction":[{"@type":"CommentAction","name":"Comment","target":["https:\/\/www.wiss.com.pl\/aktualizacja-polityki-prywatnosci\/#respond"]}]},{"@type":"WebPage","@id":"https:\/\/www.wiss.com.pl\/aktualizacja-polityki-prywatnosci\/","url":"https:\/\/www.wiss.com.pl\/aktualizacja-polityki-prywatnosci\/","name":"Aktualizacja Polityki Prywatno\u015bci - WISS","isPartOf":{"@id":"https:\/\/www.wiss.com.pl\/#website"},"datePublished":"2021-11-19T08:54:46+00:00","dateModified":"2021-11-19T08:55:01+00:00","breadcrumb":{"@id":"https:\/\/www.wiss.com.pl\/aktualizacja-polityki-prywatnosci\/#breadcrumb"},"inLanguage":"en-US","potentialAction":[{"@type":"ReadAction","target":["https:\/\/www.wiss.com.pl\/aktualizacja-polityki-prywatnosci\/"]}]},{"@type":"BreadcrumbList","@id":"https:\/\/www.wiss.com.pl\/aktualizacja-polityki-prywatnosci\/#breadcrumb","itemListElement":[{"@type":"ListItem","position":1,"name":"Strona g\u0142\u00f3wna","item":"https:\/\/www.wiss.com.pl\/"},{"@type":"ListItem","position":2,"name":"Aktualizacja Polityki Prywatno\u015bci"}]},{"@type":"WebSite","@id":"https:\/\/www.wiss.com.pl\/#website","url":"https:\/\/www.wiss.com.pl\/","name":"WISS Samochody Specjalne","description":"Czo\u0142owy producent samochod\u00f3w po\u017carniczych w Polsce i Europie. Samochody przeznaczone dla s\u0142u\u017cb mundurowych, takich jak: stra\u017c po\u017carna, wojsko i policja.","publisher":{"@id":"https:\/\/www.wiss.com.pl\/#organization"},"potentialAction":[{"@type":"SearchAction","target":{"@type":"EntryPoint","urlTemplate":"https:\/\/www.wiss.com.pl\/?s={search_term_string}"},"query-input":{"@type":"PropertyValueSpecification","valueRequired":true,"valueName":"search_term_string"}}],"inLanguage":"en-US"},{"@type":"Organization","@id":"https:\/\/www.wiss.com.pl\/#organization","name":"WISS Samochody Specjalne","url":"https:\/\/www.wiss.com.pl\/","logo":{"@type":"ImageObject","inLanguage":"en-US","@id":"https:\/\/www.wiss.com.pl\/#\/schema\/logo\/image\/","url":"https:\/\/www.wiss.com.pl\/wp-content\/uploads\/2025\/01\/logo_bezpieczenstwo6-1.jpg","contentUrl":"https:\/\/www.wiss.com.pl\/wp-content\/uploads\/2025\/01\/logo_bezpieczenstwo6-1.jpg","width":1450,"height":407,"caption":"WISS Samochody Specjalne"},"image":{"@id":"https:\/\/www.wiss.com.pl\/#\/schema\/logo\/image\/"},"sameAs":["https:\/\/www.facebook.com\/ISSwawrzaszek\/"]},{"@type":"Person","@id":"https:\/\/www.wiss.com.pl\/#\/schema\/person\/a24850e1c2b80693e222f49a2e994757","name":"admin","image":{"@type":"ImageObject","inLanguage":"en-US","@id":"https:\/\/secure.gravatar.com\/avatar\/dd125ae81bfbf1fdc86fedf2a6e560d6c36e16c2a645cfbb76d5a4acd475d97c?s=96&d=mm&r=g","url":"https:\/\/secure.gravatar.com\/avatar\/dd125ae81bfbf1fdc86fedf2a6e560d6c36e16c2a645cfbb76d5a4acd475d97c?s=96&d=mm&r=g","contentUrl":"https:\/\/secure.gravatar.com\/avatar\/dd125ae81bfbf1fdc86fedf2a6e560d6c36e16c2a645cfbb76d5a4acd475d97c?s=96&d=mm&r=g","caption":"admin"},"sameAs":["https:\/\/www.wiss.com.pl\/_www_wiss_polska\/stronanowa"],"url":"https:\/\/www.wiss.com.pl\/en\/author\/admin\/"}]}},"_links":{"self":[{"href":"https:\/\/www.wiss.com.pl\/en\/wp-json\/wp\/v2\/posts\/2891","targetHints":{"allow":["GET"]}}],"collection":[{"href":"https:\/\/www.wiss.com.pl\/en\/wp-json\/wp\/v2\/posts"}],"about":[{"href":"https:\/\/www.wiss.com.pl\/en\/wp-json\/wp\/v2\/types\/post"}],"author":[{"embeddable":true,"href":"https:\/\/www.wiss.com.pl\/en\/wp-json\/wp\/v2\/users\/1"}],"replies":[{"embeddable":true,"href":"https:\/\/www.wiss.com.pl\/en\/wp-json\/wp\/v2\/comments?post=2891"}],"version-history":[{"count":1,"href":"https:\/\/www.wiss.com.pl\/en\/wp-json\/wp\/v2\/posts\/2891\/revisions"}],"predecessor-version":[{"id":2892,"href":"https:\/\/www.wiss.com.pl\/en\/wp-json\/wp\/v2\/posts\/2891\/revisions\/2892"}],"wp:attachment":[{"href":"https:\/\/www.wiss.com.pl\/en\/wp-json\/wp\/v2\/media?parent=2891"}],"wp:term":[{"taxonomy":"category","embeddable":true,"href":"https:\/\/www.wiss.com.pl\/en\/wp-json\/wp\/v2\/categories?post=2891"},{"taxonomy":"post_tag","embeddable":true,"href":"https:\/\/www.wiss.com.pl\/en\/wp-json\/wp\/v2\/tags?post=2891"}],"curies":[{"name":"wp","href":"https:\/\/api.w.org\/{rel}","templated":true}]}}